
{"id":1250,"date":"2002-11-14T00:00:00","date_gmt":"2002-11-14T00:00:00","guid":{"rendered":"https:\/\/www.tnsglobal.pl\/archiwumraportow\/2002\/11\/14\/polacy-o-czlonkostwie-w-unii-europejskiej-w-przededniu-zakonczenia-rozmow-akcesyjnych\/"},"modified":"2002-11-14T00:00:00","modified_gmt":"2002-11-14T00:00:00","slug":"polacy-o-czlonkostwie-w-unii-europejskiej-w-przededniu-zakonczenia-rozmow-akcesyjnych","status":"publish","type":"post","link":"https:\/\/public.kantarpolska.com\/archiwumraportow\/2002\/11\/14\/polacy-o-czlonkostwie-w-unii-europejskiej-w-przededniu-zakonczenia-rozmow-akcesyjnych\/","title":{"rendered":"Polacy o cz\u0142onkostwie w Unii Europejskiej w przededniu zako\u0144czenia rozm\u00f3w akcesyjnych"},"content":{"rendered":"<p>W kolejnym, listopadowym sonda\u017cu Euro-Track zrealizowanym przez TNS OBOP w kilka dni po drugiej turze wybor\u00f3w samorz\u0105dowych zapytano respondent\u00f3w czy czuj\u0105 si\u0119 poinformowani w sprawie cz\u0142onkostwa Polski<!--more--> w Unii Europejskiej, czy zamierzaj\u0105 wzi\u0105\u0107 udzia\u0142 w referendum akcesyjnym i czy popieraj\u0105 przyst\u0105pienie Polski do Unii. Zadano te\u017c dwa dodatkowe pytania, w kt\u00f3rych badani wypowiedzieli si\u0119 na temat znaczenia samego referendum. W pierwszym z pyta\u0144 respondenci rozwa\u017cali czy od ka\u017cdego g\u0142osu w tym referendum zale\u017cy przysz\u0142o\u015b\u0107 Polski. W drugim pytaniu ankietowani ustosunkowywali si\u0119 do opinii, \u017ce udzia\u0142 w referendum to obywatelski obowi\u0105zek.<\/p>\n<div class=\"infopay\">Raport udost\u0119pniany jest bezp\u0142atnie, w us\u0142udze &#8222;udost\u0119pnij aby pobra\u0107&#8221;.<br \/>\n          <b>Na czym to polega?<\/b> Raport b\u0119dzie dost\u0119pny do pobrania w pdf po udost\u0119pnieniu wpisu z linkiem do Archiwum Raport\u00f3w TNS Polska na wybranym serwisie spo\u0142eczno\u015bciowym: Facebooku lub Twitterze.\n          <\/div>\n","protected":false},"excerpt":{"rendered":"<p>W kolejnym, listopadowym sonda\u017cu Euro-Track zrealizowanym przez TNS OBOP w kilka dni po drugiej turze wybor\u00f3w samorz\u0105dowych zapytano respondent\u00f3w czy czuj\u0105 si\u0119 poinformowani w sprawie cz\u0142onkostwa Polski<\/p>\n","protected":false},"author":1,"featured_media":0,"comment_status":"closed","ping_status":"closed","sticky":false,"template":"","format":"standard","meta":{"ngg_post_thumbnail":0},"categories":[1],"tags":[],"_links":{"self":[{"href":"https:\/\/public.kantarpolska.com\/archiwumraportow\/wp-json\/wp\/v2\/posts\/1250"}],"collection":[{"href":"https:\/\/public.kantarpolska.com\/archiwumraportow\/wp-json\/wp\/v2\/posts"}],"about":[{"href":"https:\/\/public.kantarpolska.com\/archiwumraportow\/wp-json\/wp\/v2\/types\/post"}],"author":[{"embeddable":true,"href":"https:\/\/public.kantarpolska.com\/archiwumraportow\/wp-json\/wp\/v2\/users\/1"}],"replies":[{"embeddable":true,"href":"https:\/\/public.kantarpolska.com\/archiwumraportow\/wp-json\/wp\/v2\/comments?post=1250"}],"version-history":[{"count":0,"href":"https:\/\/public.kantarpolska.com\/archiwumraportow\/wp-json\/wp\/v2\/posts\/1250\/revisions"}],"wp:attachment":[{"href":"https:\/\/public.kantarpolska.com\/archiwumraportow\/wp-json\/wp\/v2\/media?parent=1250"}],"wp:term":[{"taxonomy":"category","embeddable":true,"href":"https:\/\/public.kantarpolska.com\/archiwumraportow\/wp-json\/wp\/v2\/categories?post=1250"},{"taxonomy":"post_tag","embeddable":true,"href":"https:\/\/public.kantarpolska.com\/archiwumraportow\/wp-json\/wp\/v2\/tags?post=1250"}],"curies":[{"name":"wp","href":"https:\/\/api.w.org\/{rel}","templated":true}]}}