
{"id":1203,"date":"2002-08-05T00:00:00","date_gmt":"2002-08-05T00:00:00","guid":{"rendered":"https:\/\/www.tnsglobal.pl\/archiwumraportow\/2002\/08\/05\/spoleczna-percepcja-niepelnosprawnosci-i-niepelnosprawnych-w-polsce\/"},"modified":"2002-08-05T00:00:00","modified_gmt":"2002-08-05T00:00:00","slug":"spoleczna-percepcja-niepelnosprawnosci-i-niepelnosprawnych-w-polsce","status":"publish","type":"post","link":"https:\/\/public.kantarpolska.com\/archiwumraportow\/2002\/08\/05\/spoleczna-percepcja-niepelnosprawnosci-i-niepelnosprawnych-w-polsce\/","title":{"rendered":"Spo\u0142eczna percepcja niepe\u0142nosprawno\u015bci i niepe\u0142nosprawnych w Polsce"},"content":{"rendered":"<p>W pierwszych dniach sierpnia TNS OBOP &#8211; na zlecenie IMPEL S.A. &#8211; zrealizowa\u0142 badanie sonda\u017cowe, w kt\u00f3rym poruszono problematyk\u0119 stosunku polskiego spo\u0142ecze\u0144stwa do kwestii niepe\u0142nosprawno\u015bci oraz sytuacji os\u00f3b<!--more--> niepe\u0142nosprawnych w naszym kraju. Powsta\u0142y po badaniu komunikat dostarcza informacji &#8211; mi\u0119dzy innymi &#8211; na temat tego jak sk\u0142onni jeste\u015bmy nazywa\u0107 takie osoby, czy maj\u0105 one podstawy do tego, by czu\u0107 si\u0119 lud\u017ami gorszej kategorii, w jakim stopniu reprezentowane s\u0105 interesy takich ludzi, jak oceniamy sytuacj\u0119 niepe\u0142nosprawnych w Polsce w por\u00f3wnaniu z sytuacj\u0105 takich os\u00f3b w innych krajach, wreszcie jaki jest, w por\u00f3wnaniu do innych spo\u0142ecze\u0144stw, stosunek spo\u0142ecze\u0144stwa polskiego do os\u00f3b niepe\u0142nosprawnych.<\/p>\n<div class=\"infopay\">Raport udost\u0119pniany jest bezp\u0142atnie, w us\u0142udze &#8222;udost\u0119pnij aby pobra\u0107&#8221;.<br \/>\n          <b>Na czym to polega?<\/b> Raport b\u0119dzie dost\u0119pny do pobrania w pdf po udost\u0119pnieniu wpisu z linkiem do Archiwum Raport\u00f3w TNS Polska na wybranym serwisie spo\u0142eczno\u015bciowym: Facebooku lub Twitterze.\n          <\/div>\n","protected":false},"excerpt":{"rendered":"<p>W pierwszych dniach sierpnia TNS OBOP &#8211; na zlecenie IMPEL S.A. &#8211; zrealizowa\u0142 badanie sonda\u017cowe, w kt\u00f3rym poruszono problematyk\u0119 stosunku polskiego spo\u0142ecze\u0144stwa do kwestii niepe\u0142nosprawno\u015bci oraz sytuacji os\u00f3b<\/p>\n","protected":false},"author":1,"featured_media":0,"comment_status":"closed","ping_status":"closed","sticky":false,"template":"","format":"standard","meta":{"ngg_post_thumbnail":0},"categories":[1],"tags":[],"_links":{"self":[{"href":"https:\/\/public.kantarpolska.com\/archiwumraportow\/wp-json\/wp\/v2\/posts\/1203"}],"collection":[{"href":"https:\/\/public.kantarpolska.com\/archiwumraportow\/wp-json\/wp\/v2\/posts"}],"about":[{"href":"https:\/\/public.kantarpolska.com\/archiwumraportow\/wp-json\/wp\/v2\/types\/post"}],"author":[{"embeddable":true,"href":"https:\/\/public.kantarpolska.com\/archiwumraportow\/wp-json\/wp\/v2\/users\/1"}],"replies":[{"embeddable":true,"href":"https:\/\/public.kantarpolska.com\/archiwumraportow\/wp-json\/wp\/v2\/comments?post=1203"}],"version-history":[{"count":0,"href":"https:\/\/public.kantarpolska.com\/archiwumraportow\/wp-json\/wp\/v2\/posts\/1203\/revisions"}],"wp:attachment":[{"href":"https:\/\/public.kantarpolska.com\/archiwumraportow\/wp-json\/wp\/v2\/media?parent=1203"}],"wp:term":[{"taxonomy":"category","embeddable":true,"href":"https:\/\/public.kantarpolska.com\/archiwumraportow\/wp-json\/wp\/v2\/categories?post=1203"},{"taxonomy":"post_tag","embeddable":true,"href":"https:\/\/public.kantarpolska.com\/archiwumraportow\/wp-json\/wp\/v2\/tags?post=1203"}],"curies":[{"name":"wp","href":"https:\/\/api.w.org\/{rel}","templated":true}]}}