
{"id":1195,"date":"2002-10-07T00:00:00","date_gmt":"2002-10-07T00:00:00","guid":{"rendered":"https:\/\/www.tnsglobal.pl\/archiwumraportow\/2002\/10\/07\/preferencje-polakow-w-wyborach-samorzadowych-2002-r-pierwsza-polowa-pazdziernika\/"},"modified":"2002-10-07T00:00:00","modified_gmt":"2002-10-07T00:00:00","slug":"preferencje-polakow-w-wyborach-samorzadowych-2002-r-pierwsza-polowa-pazdziernika","status":"publish","type":"post","link":"https:\/\/public.kantarpolska.com\/archiwumraportow\/2002\/10\/07\/preferencje-polakow-w-wyborach-samorzadowych-2002-r-pierwsza-polowa-pazdziernika\/","title":{"rendered":"Preferencje Polak\u00f3w w wyborach samorz\u0105dowych 2002 r. (pierwsza po\u0142owa pa\u017adziernika)."},"content":{"rendered":"<p>Gdy do wybor\u00f3w samorz\u0105dowych pozostawa\u0142o dwadzie\u015bcia dni ko\u0144czyli\u015bmy realizacj\u0119 badania, w kt\u00f3rym pytali\u015bmy doros\u0142ych Polak\u00f3w czy b\u0119d\u0105 g\u0142osowa\u0107 i je\u015bli tak, to kandydat\u00f3w kt\u00f3rych komitet\u00f3w zamierzaj\u0105 poprze\u0107. Zaprezentowana<!--more--> respondentom lista nie uwzgl\u0119dnia\u0142a wszystkich zarejestrowanych przez PKW podmiot\u00f3w i uk\u0142ad\u00f3w koalicyjnych w poszczeg\u00f3lnych wojew\u00f3dztwach. Uzyskane w niniejszym badaniu wyniki nie mog\u0105 stanowi\u0107 przedwyborczej prognozy, a jedynie informuj\u0105, jaki jest &#8211; w skali ca\u0142ego kraju &#8211; uk\u0142ad si\u0142 mi\u0119dzy komitetami (gdyby identyczna lista komitet\u00f3w obowi\u0105zywa\u0142a we wszystkich wojew\u00f3dztwach) i jak silne jest spo\u0142eczne &#8222;zapotrzebowanie&#8221; na g\u0142osowanie niezale\u017cne od centralnego uk\u0142adu politycznego. Wyniki te mog\u0105 te\u017c stanowi\u0107 punkt odniesienia do szacowania rz\u0119du wielko\u015bci rzeczywistej frekwencji wyborczej.<\/p>\n<div class=\"infopay\">Raport udost\u0119pniany jest bezp\u0142atnie, w us\u0142udze &#8222;udost\u0119pnij aby pobra\u0107&#8221;.<br \/>\n          <b>Na czym to polega?<\/b> Raport b\u0119dzie dost\u0119pny do pobrania w pdf po udost\u0119pnieniu wpisu z linkiem do Archiwum Raport\u00f3w TNS Polska na wybranym serwisie spo\u0142eczno\u015bciowym: Facebooku lub Twitterze.\n          <\/div>\n","protected":false},"excerpt":{"rendered":"<p>Gdy do wybor\u00f3w samorz\u0105dowych pozostawa\u0142o dwadzie\u015bcia dni ko\u0144czyli\u015bmy realizacj\u0119 badania, w kt\u00f3rym pytali\u015bmy doros\u0142ych Polak\u00f3w czy b\u0119d\u0105 g\u0142osowa\u0107 i je\u015bli tak, to kandydat\u00f3w kt\u00f3rych komitet\u00f3w zamierzaj\u0105 poprze\u0107. Zaprezentowana<\/p>\n","protected":false},"author":1,"featured_media":0,"comment_status":"closed","ping_status":"closed","sticky":false,"template":"","format":"standard","meta":{"ngg_post_thumbnail":0},"categories":[1],"tags":[],"_links":{"self":[{"href":"https:\/\/public.kantarpolska.com\/archiwumraportow\/wp-json\/wp\/v2\/posts\/1195"}],"collection":[{"href":"https:\/\/public.kantarpolska.com\/archiwumraportow\/wp-json\/wp\/v2\/posts"}],"about":[{"href":"https:\/\/public.kantarpolska.com\/archiwumraportow\/wp-json\/wp\/v2\/types\/post"}],"author":[{"embeddable":true,"href":"https:\/\/public.kantarpolska.com\/archiwumraportow\/wp-json\/wp\/v2\/users\/1"}],"replies":[{"embeddable":true,"href":"https:\/\/public.kantarpolska.com\/archiwumraportow\/wp-json\/wp\/v2\/comments?post=1195"}],"version-history":[{"count":0,"href":"https:\/\/public.kantarpolska.com\/archiwumraportow\/wp-json\/wp\/v2\/posts\/1195\/revisions"}],"wp:attachment":[{"href":"https:\/\/public.kantarpolska.com\/archiwumraportow\/wp-json\/wp\/v2\/media?parent=1195"}],"wp:term":[{"taxonomy":"category","embeddable":true,"href":"https:\/\/public.kantarpolska.com\/archiwumraportow\/wp-json\/wp\/v2\/categories?post=1195"},{"taxonomy":"post_tag","embeddable":true,"href":"https:\/\/public.kantarpolska.com\/archiwumraportow\/wp-json\/wp\/v2\/tags?post=1195"}],"curies":[{"name":"wp","href":"https:\/\/api.w.org\/{rel}","templated":true}]}}