
{"id":1192,"date":"2002-08-26T00:00:00","date_gmt":"2002-08-26T00:00:00","guid":{"rendered":"https:\/\/www.tnsglobal.pl\/archiwumraportow\/2002\/08\/26\/polacy-o-planowanej-zmianie-napiecia-z-220v-na-230v\/"},"modified":"2002-08-26T00:00:00","modified_gmt":"2002-08-26T00:00:00","slug":"polacy-o-planowanej-zmianie-napiecia-z-220v-na-230v","status":"publish","type":"post","link":"https:\/\/public.kantarpolska.com\/archiwumraportow\/2002\/08\/26\/polacy-o-planowanej-zmianie-napiecia-z-220v-na-230v\/","title":{"rendered":"Polacy o planowanej zmianie napi\u0119cia z 220V na 230V."},"content":{"rendered":"<p>Jednym z wielu element\u00f3w wymagaj\u0105cych zmian w naszym kraju, w kontek\u015bcie wchodzenia w struktury Unii Europejskiej, jest zmiana napi\u0119cia elektrycznego z 220V na 230V. Planuje si\u0119,<!--more--> \u017ce zmiana ta ma nast\u0105pi\u0107 do ko\u0144ca 2003 roku. Postanowili\u015bmy wi\u0119c sprawdzi\u0107 jaka cz\u0119\u015b\u0107 Polak\u00f3w wie o tym projekcie, jak wielu z nich interesuje si\u0119 tym, jakie przewiduj\u0105 skutki takiej zmiany i wreszcie jaka cz\u0119\u015b\u0107 spo\u0142ecze\u0144stwa zna jej rzeczywisty pow\u00f3d<\/p>\n<div class=\"infopay\">Raport udost\u0119pniany jest bezp\u0142atnie, w us\u0142udze &#8222;udost\u0119pnij aby pobra\u0107&#8221;.<br \/>\n          <b>Na czym to polega?<\/b> Raport b\u0119dzie dost\u0119pny do pobrania w pdf po udost\u0119pnieniu wpisu z linkiem do Archiwum Raport\u00f3w TNS Polska na wybranym serwisie spo\u0142eczno\u015bciowym: Facebooku lub Twitterze.\n          <\/div>\n","protected":false},"excerpt":{"rendered":"<p>Jednym z wielu element\u00f3w wymagaj\u0105cych zmian w naszym kraju, w kontek\u015bcie wchodzenia w struktury Unii Europejskiej, jest zmiana napi\u0119cia elektrycznego z 220V na 230V. Planuje si\u0119,<\/p>\n","protected":false},"author":1,"featured_media":0,"comment_status":"closed","ping_status":"closed","sticky":false,"template":"","format":"standard","meta":{"ngg_post_thumbnail":0},"categories":[1],"tags":[],"_links":{"self":[{"href":"https:\/\/public.kantarpolska.com\/archiwumraportow\/wp-json\/wp\/v2\/posts\/1192"}],"collection":[{"href":"https:\/\/public.kantarpolska.com\/archiwumraportow\/wp-json\/wp\/v2\/posts"}],"about":[{"href":"https:\/\/public.kantarpolska.com\/archiwumraportow\/wp-json\/wp\/v2\/types\/post"}],"author":[{"embeddable":true,"href":"https:\/\/public.kantarpolska.com\/archiwumraportow\/wp-json\/wp\/v2\/users\/1"}],"replies":[{"embeddable":true,"href":"https:\/\/public.kantarpolska.com\/archiwumraportow\/wp-json\/wp\/v2\/comments?post=1192"}],"version-history":[{"count":0,"href":"https:\/\/public.kantarpolska.com\/archiwumraportow\/wp-json\/wp\/v2\/posts\/1192\/revisions"}],"wp:attachment":[{"href":"https:\/\/public.kantarpolska.com\/archiwumraportow\/wp-json\/wp\/v2\/media?parent=1192"}],"wp:term":[{"taxonomy":"category","embeddable":true,"href":"https:\/\/public.kantarpolska.com\/archiwumraportow\/wp-json\/wp\/v2\/categories?post=1192"},{"taxonomy":"post_tag","embeddable":true,"href":"https:\/\/public.kantarpolska.com\/archiwumraportow\/wp-json\/wp\/v2\/tags?post=1192"}],"curies":[{"name":"wp","href":"https:\/\/api.w.org\/{rel}","templated":true}]}}