
{"id":1191,"date":"2002-09-23T00:00:00","date_gmt":"2002-09-23T00:00:00","guid":{"rendered":"https:\/\/www.tnsglobal.pl\/archiwumraportow\/2002\/09\/23\/preferencje-polakow-w-wyborach-samorzadowych-2002-r-druga-polowa-wrzesnia\/"},"modified":"2002-09-23T00:00:00","modified_gmt":"2002-09-23T00:00:00","slug":"preferencje-polakow-w-wyborach-samorzadowych-2002-r-druga-polowa-wrzesnia","status":"publish","type":"post","link":"https:\/\/public.kantarpolska.com\/archiwumraportow\/2002\/09\/23\/preferencje-polakow-w-wyborach-samorzadowych-2002-r-druga-polowa-wrzesnia\/","title":{"rendered":"Preferencje Polak\u00f3w w wyborach samorz\u0105dowych 2002 r. (druga po\u0142owa wrze\u015bnia)."},"content":{"rendered":"<p>Preferencje Polak\u00f3w w wyborach do samorz\u0105d\u00f3w wojew\u00f3dztw by\u0142o po raz kolejny przedmiotem badania przeprowadzonego przez TNS OBOP. Nasz sonda\u017c realizowali\u015bmy w drugiej po\u0142owie wrze\u015bnia, gdy do dnia g\u0142osowania<!--more--> pozostawa\u0142o niewiele wi\u0119cej ni\u017c miesi\u0105c czasu.<\/p>\n<div class=\"infopay\">Raport udost\u0119pniany jest bezp\u0142atnie, w us\u0142udze &#8222;udost\u0119pnij aby pobra\u0107&#8221;.<br \/>\n          <b>Na czym to polega?<\/b> Raport b\u0119dzie dost\u0119pny do pobrania w pdf po udost\u0119pnieniu wpisu z linkiem do Archiwum Raport\u00f3w TNS Polska na wybranym serwisie spo\u0142eczno\u015bciowym: Facebooku lub Twitterze.\n          <\/div>\n","protected":false},"excerpt":{"rendered":"<p>Preferencje Polak\u00f3w w wyborach do samorz\u0105d\u00f3w wojew\u00f3dztw by\u0142o po raz kolejny przedmiotem badania przeprowadzonego przez TNS OBOP. Nasz sonda\u017c realizowali\u015bmy w drugiej po\u0142owie wrze\u015bnia, gdy do dnia g\u0142osowania<\/p>\n","protected":false},"author":1,"featured_media":0,"comment_status":"closed","ping_status":"closed","sticky":false,"template":"","format":"standard","meta":{"ngg_post_thumbnail":0},"categories":[1],"tags":[],"_links":{"self":[{"href":"https:\/\/public.kantarpolska.com\/archiwumraportow\/wp-json\/wp\/v2\/posts\/1191"}],"collection":[{"href":"https:\/\/public.kantarpolska.com\/archiwumraportow\/wp-json\/wp\/v2\/posts"}],"about":[{"href":"https:\/\/public.kantarpolska.com\/archiwumraportow\/wp-json\/wp\/v2\/types\/post"}],"author":[{"embeddable":true,"href":"https:\/\/public.kantarpolska.com\/archiwumraportow\/wp-json\/wp\/v2\/users\/1"}],"replies":[{"embeddable":true,"href":"https:\/\/public.kantarpolska.com\/archiwumraportow\/wp-json\/wp\/v2\/comments?post=1191"}],"version-history":[{"count":0,"href":"https:\/\/public.kantarpolska.com\/archiwumraportow\/wp-json\/wp\/v2\/posts\/1191\/revisions"}],"wp:attachment":[{"href":"https:\/\/public.kantarpolska.com\/archiwumraportow\/wp-json\/wp\/v2\/media?parent=1191"}],"wp:term":[{"taxonomy":"category","embeddable":true,"href":"https:\/\/public.kantarpolska.com\/archiwumraportow\/wp-json\/wp\/v2\/categories?post=1191"},{"taxonomy":"post_tag","embeddable":true,"href":"https:\/\/public.kantarpolska.com\/archiwumraportow\/wp-json\/wp\/v2\/tags?post=1191"}],"curies":[{"name":"wp","href":"https:\/\/api.w.org\/{rel}","templated":true}]}}