
{"id":1190,"date":"2002-09-23T00:00:00","date_gmt":"2002-09-23T00:00:00","guid":{"rendered":"https:\/\/www.tnsglobal.pl\/archiwumraportow\/2002\/09\/23\/preferencje-partyjne-polakow-w-drugiej-polowie-wrzesnia-2002-r\/"},"modified":"2002-09-23T00:00:00","modified_gmt":"2002-09-23T00:00:00","slug":"preferencje-partyjne-polakow-w-drugiej-polowie-wrzesnia-2002-r","status":"publish","type":"post","link":"https:\/\/public.kantarpolska.com\/archiwumraportow\/2002\/09\/23\/preferencje-partyjne-polakow-w-drugiej-polowie-wrzesnia-2002-r\/","title":{"rendered":"Preferencje partyjne Polak\u00f3w w drugiej po\u0142owie wrze\u015bnia 2002 r."},"content":{"rendered":"<p>W dniach 21-23 wrze\u015bnia &#8211; r\u00f3wno rok po ostatnich wyborach parlamentarnych &#8211; przeprowadzili\u015bmy drugi w tym miesi\u0105cu pomiar preferencji partyjnych Polak\u00f3w. W badaniu pytali\u015bmy respondent\u00f3w czy byliby gotowi g\u0142osowa\u0107.<!--more--> Osoby odpowiadaj\u0105ce pozytywnie proszone by\u0142y o wskazanie partii lub koalicji, kt\u00f3rej przekaza\u0142yby swoje poparcie &#8211; w przypadku gdyby partie koalicji SLD-UP stratowa\u0142y ka\u017cda samodzielnie oraz gdyby wszystkie startowa\u0142y &#8211; jak w ubieg\u0142orocznych wyborach &#8211; ze wsp\u00f3lnej listy (obie te listy u\u0142o\u017cone by\u0142y alfabetycznie, a informacja o r\u00f3\u017cnicach mi\u0119dzy nimi nie by\u0142a podawana respondentom). Zaprezentowane w tabelach wyniki poparcia nie uwzgl\u0119dniaj\u0105 os\u00f3b, kt\u00f3re nie mia\u0142y sprecyzowanych preferencji &#8211; informacja o liczbie os\u00f3b niezdecydowanych podawana by\u0142a oddzielnie. W niniejszym badaniu na li\u015bcie ugrupowa\u0144 uwzgl\u0119dniony zosta\u0142, powo\u0142any w trakcie tegorocznej kampanii samorz\u0105dowej komitet Razem Polsce.<\/p>\n<div class=\"infopay\">Raport udost\u0119pniany jest bezp\u0142atnie, w us\u0142udze &#8222;udost\u0119pnij aby pobra\u0107&#8221;.<br \/>\n          <b>Na czym to polega?<\/b> Raport b\u0119dzie dost\u0119pny do pobrania w pdf po udost\u0119pnieniu wpisu z linkiem do Archiwum Raport\u00f3w TNS Polska na wybranym serwisie spo\u0142eczno\u015bciowym: Facebooku lub Twitterze.\n          <\/div>\n","protected":false},"excerpt":{"rendered":"<p>W dniach 21-23 wrze\u015bnia &#8211; r\u00f3wno rok po ostatnich wyborach parlamentarnych &#8211; przeprowadzili\u015bmy drugi w tym miesi\u0105cu pomiar preferencji partyjnych Polak\u00f3w. W badaniu pytali\u015bmy respondent\u00f3w czy byliby gotowi g\u0142osowa\u0107.<\/p>\n","protected":false},"author":1,"featured_media":0,"comment_status":"closed","ping_status":"closed","sticky":false,"template":"","format":"standard","meta":{"ngg_post_thumbnail":0},"categories":[1],"tags":[],"_links":{"self":[{"href":"https:\/\/public.kantarpolska.com\/archiwumraportow\/wp-json\/wp\/v2\/posts\/1190"}],"collection":[{"href":"https:\/\/public.kantarpolska.com\/archiwumraportow\/wp-json\/wp\/v2\/posts"}],"about":[{"href":"https:\/\/public.kantarpolska.com\/archiwumraportow\/wp-json\/wp\/v2\/types\/post"}],"author":[{"embeddable":true,"href":"https:\/\/public.kantarpolska.com\/archiwumraportow\/wp-json\/wp\/v2\/users\/1"}],"replies":[{"embeddable":true,"href":"https:\/\/public.kantarpolska.com\/archiwumraportow\/wp-json\/wp\/v2\/comments?post=1190"}],"version-history":[{"count":0,"href":"https:\/\/public.kantarpolska.com\/archiwumraportow\/wp-json\/wp\/v2\/posts\/1190\/revisions"}],"wp:attachment":[{"href":"https:\/\/public.kantarpolska.com\/archiwumraportow\/wp-json\/wp\/v2\/media?parent=1190"}],"wp:term":[{"taxonomy":"category","embeddable":true,"href":"https:\/\/public.kantarpolska.com\/archiwumraportow\/wp-json\/wp\/v2\/categories?post=1190"},{"taxonomy":"post_tag","embeddable":true,"href":"https:\/\/public.kantarpolska.com\/archiwumraportow\/wp-json\/wp\/v2\/tags?post=1190"}],"curies":[{"name":"wp","href":"https:\/\/api.w.org\/{rel}","templated":true}]}}