
{"id":1189,"date":"2002-08-05T00:00:00","date_gmt":"2002-08-05T00:00:00","guid":{"rendered":"https:\/\/www.tnsglobal.pl\/archiwumraportow\/2002\/08\/05\/jak-karac-przestepcow-2\/"},"modified":"2002-08-05T00:00:00","modified_gmt":"2002-08-05T00:00:00","slug":"jak-karac-przestepcow-2","status":"publish","type":"post","link":"https:\/\/public.kantarpolska.com\/archiwumraportow\/2002\/08\/05\/jak-karac-przestepcow-2\/","title":{"rendered":"Jak kara\u0107 przest\u0119pc\u00f3w?"},"content":{"rendered":"<p>W publikowanym niedawno komunikacie pt. &#8222;Czy Polacy czuj\u0105 si\u0119 bezpiecznie&#8221; informowali\u015bmy o skali poczucia zagro\u017cenia przest\u0119pczo\u015bci\u0105 w Polsce: zdecydowana wi\u0119kszo\u015b\u0107 Polak\u00f3w uwa\u017ca, \u017ce zagro\u017cenie przest\u0119pczo\u015bci\u0105 jest<!--more--> w naszym kraju du\u017ce, cho\u0107 jednocze\u015bnie wi\u0119kszo\u015b\u0107 nie obawia si\u0119, by mog\u0142a sta\u0107 si\u0119 ofiar\u0105 zamachu terrorystycznego czy przest\u0119pczych porachunk\u00f3w, nieco ponad po\u0142owa czuje si\u0119 te\u017c bezpiecznie spaceruj\u0105c po zmroku w najbli\u017cszej okolicy, ale ju\u017c wi\u0119kszo\u015b\u0107 z nas, gdy wyje\u017cd\u017ca na kilka dni dr\u017cy z obawy przed w\u0142amaniem. Z por\u00f3wnania wynik\u00f3w tegorocznych bada\u0144 z uzyskiwanymi od po\u0142owy lat dziewi\u0119\u0107dziesi\u0105tych wynika\u0142o, \u017ce nasze opinie i obawy odno\u015bnie poziomu bezpiecze\u0144stwa nie zmieniaj\u0105 si\u0119 w spos\u00f3b zasadniczy, mimo i\u017c pozornie wydawa\u0107 by si\u0119 mog\u0142o, \u017ce pod wp\u0142ywem doniesie\u0144 medi\u00f3w o kolejnych wstrz\u0105saj\u0105cych opini\u0105 publiczn\u0105 zbrodniach, wzrasta\u0107 b\u0119dzie w spo\u0142ecze\u0144stwie poczucie zagro\u017cenia przest\u0119pczo\u015bci\u0105. Inn\u0105 rekcj\u0105, jaka mo\u017ce nast\u0119powa\u0107 na skutek zalewu podobnych informacji s\u0105 &#8211; obok poczucia bezpiecze\u0144stwa &#8211; opinie na temat karalno\u015bci przest\u0119pc\u00f3w. R\u00f3wnie\u017c i ta problematyka by\u0142a przedmiotem naszego badania. Kszta\u0142t pyta\u0144 zadawanych w tym roku respondentom r\u00f3\u017cni\u0142 si\u0119 nieco od zadawanych w latach poprzednich &#8211; st\u0105d bezpo\u015brednie wnioskowanie o procentowych zmianach nast\u0119puj\u0105cych w tym okresie nie jest mo\u017cliwe. Mo\u017cliwe jest jednak sprawdzenie czy &#8211; i je\u015bli tak, to jak &#8211; zmieni\u0142 si\u0119 generalny stosunek Polak\u00f3w do najcz\u0119\u015bciej dyskutowanych i najbardziej kontrowersyjnych zagadnie\u0144: kary \u015bmierci, cel\u00f3w reformy prawa karnego i najwa\u017cniejszego celu, jaki winna spe\u0142nia\u0107 kara. Ponadto w badaniu tym przedstawili\u015bmy respondentom kilkana\u015bcie rodzaj\u00f3w przest\u0119pstw z pro\u015bb\u0105 o opinie, jakie powinny poci\u0105ga\u0107 sankcje dla ich sprawc\u00f3w oraz pytali\u015bmy o gotowo\u015b\u0107 do p\u0142acenia przez badanych wi\u0119kszych podatk\u00f3w na budow\u0119 wi\u0119zie\u0144.<\/p>\n<div class=\"infopay\">Raport udost\u0119pniany jest bezp\u0142atnie, w us\u0142udze &#8222;udost\u0119pnij aby pobra\u0107&#8221;.<br \/>\n          <b>Na czym to polega?<\/b> Raport b\u0119dzie dost\u0119pny do pobrania w pdf po udost\u0119pnieniu wpisu z linkiem do Archiwum Raport\u00f3w TNS Polska na wybranym serwisie spo\u0142eczno\u015bciowym: Facebooku lub Twitterze.\n          <\/div>\n","protected":false},"excerpt":{"rendered":"<p>W publikowanym niedawno komunikacie pt. &#8222;Czy Polacy czuj\u0105 si\u0119 bezpiecznie&#8221; informowali\u015bmy o skali poczucia zagro\u017cenia przest\u0119pczo\u015bci\u0105 w Polsce: zdecydowana wi\u0119kszo\u015b\u0107 Polak\u00f3w uwa\u017ca, \u017ce zagro\u017cenie przest\u0119pczo\u015bci\u0105 jest<\/p>\n","protected":false},"author":1,"featured_media":0,"comment_status":"closed","ping_status":"closed","sticky":false,"template":"","format":"standard","meta":{"ngg_post_thumbnail":0},"categories":[1],"tags":[],"_links":{"self":[{"href":"https:\/\/public.kantarpolska.com\/archiwumraportow\/wp-json\/wp\/v2\/posts\/1189"}],"collection":[{"href":"https:\/\/public.kantarpolska.com\/archiwumraportow\/wp-json\/wp\/v2\/posts"}],"about":[{"href":"https:\/\/public.kantarpolska.com\/archiwumraportow\/wp-json\/wp\/v2\/types\/post"}],"author":[{"embeddable":true,"href":"https:\/\/public.kantarpolska.com\/archiwumraportow\/wp-json\/wp\/v2\/users\/1"}],"replies":[{"embeddable":true,"href":"https:\/\/public.kantarpolska.com\/archiwumraportow\/wp-json\/wp\/v2\/comments?post=1189"}],"version-history":[{"count":0,"href":"https:\/\/public.kantarpolska.com\/archiwumraportow\/wp-json\/wp\/v2\/posts\/1189\/revisions"}],"wp:attachment":[{"href":"https:\/\/public.kantarpolska.com\/archiwumraportow\/wp-json\/wp\/v2\/media?parent=1189"}],"wp:term":[{"taxonomy":"category","embeddable":true,"href":"https:\/\/public.kantarpolska.com\/archiwumraportow\/wp-json\/wp\/v2\/categories?post=1189"},{"taxonomy":"post_tag","embeddable":true,"href":"https:\/\/public.kantarpolska.com\/archiwumraportow\/wp-json\/wp\/v2\/tags?post=1189"}],"curies":[{"name":"wp","href":"https:\/\/api.w.org\/{rel}","templated":true}]}}