
{"id":1188,"date":"2002-09-23T00:00:00","date_gmt":"2002-09-23T00:00:00","guid":{"rendered":"https:\/\/www.tnsglobal.pl\/archiwumraportow\/2002\/09\/23\/nastroje-spoleczne-we-wrzesniu-2002-r\/"},"modified":"2002-09-23T00:00:00","modified_gmt":"2002-09-23T00:00:00","slug":"nastroje-spoleczne-we-wrzesniu-2002-r","status":"publish","type":"post","link":"https:\/\/public.kantarpolska.com\/archiwumraportow\/2002\/09\/23\/nastroje-spoleczne-we-wrzesniu-2002-r\/","title":{"rendered":"Nastroje spo\u0142eczne we wrze\u015bniu 2002 r."},"content":{"rendered":"<p>Po wizycie Papie\u017ca w naszym kraju nastroje spo\u0142eczne Polak\u00f3w poprawi\u0142y si\u0119 &#8211; wynika\u0142o z ostatniego komunikatu po\u015bwi\u0119conego tej problematyce, a omawiaj\u0105cego wyniki badania przeprowadzonego w drugiej po\u0142owie<!--more--> sierpnia. Czy od tamtego wydarzenia nastroje Polak\u00f3w utrzyma\u0142y si\u0119 na tym samym poziomie, czy mo\u017ce zacz\u0119\u0142y powraca\u0107 do stanu sprzed papieskiej pielgrzymki? Odpowiedzi na te pytania przynosz\u0105 wyniki dw\u00f3ch sonda\u017cy zrealizowanych przez nas we wrze\u015bniu: w pierwszej i w drugiej po\u0142owie tego\u017c miesi\u0105ca.<\/p>\n<div class=\"infopay\">Raport udost\u0119pniany jest bezp\u0142atnie, w us\u0142udze &#8222;udost\u0119pnij aby pobra\u0107&#8221;.<br \/>\n          <b>Na czym to polega?<\/b> Raport b\u0119dzie dost\u0119pny do pobrania w pdf po udost\u0119pnieniu wpisu z linkiem do Archiwum Raport\u00f3w TNS Polska na wybranym serwisie spo\u0142eczno\u015bciowym: Facebooku lub Twitterze.\n          <\/div>\n","protected":false},"excerpt":{"rendered":"<p>Po wizycie Papie\u017ca w naszym kraju nastroje spo\u0142eczne Polak\u00f3w poprawi\u0142y si\u0119 &#8211; wynika\u0142o z ostatniego komunikatu po\u015bwi\u0119conego tej problematyce, a omawiaj\u0105cego wyniki badania przeprowadzonego w drugiej po\u0142owie<\/p>\n","protected":false},"author":1,"featured_media":0,"comment_status":"closed","ping_status":"closed","sticky":false,"template":"","format":"standard","meta":{"ngg_post_thumbnail":0},"categories":[1],"tags":[],"_links":{"self":[{"href":"https:\/\/public.kantarpolska.com\/archiwumraportow\/wp-json\/wp\/v2\/posts\/1188"}],"collection":[{"href":"https:\/\/public.kantarpolska.com\/archiwumraportow\/wp-json\/wp\/v2\/posts"}],"about":[{"href":"https:\/\/public.kantarpolska.com\/archiwumraportow\/wp-json\/wp\/v2\/types\/post"}],"author":[{"embeddable":true,"href":"https:\/\/public.kantarpolska.com\/archiwumraportow\/wp-json\/wp\/v2\/users\/1"}],"replies":[{"embeddable":true,"href":"https:\/\/public.kantarpolska.com\/archiwumraportow\/wp-json\/wp\/v2\/comments?post=1188"}],"version-history":[{"count":0,"href":"https:\/\/public.kantarpolska.com\/archiwumraportow\/wp-json\/wp\/v2\/posts\/1188\/revisions"}],"wp:attachment":[{"href":"https:\/\/public.kantarpolska.com\/archiwumraportow\/wp-json\/wp\/v2\/media?parent=1188"}],"wp:term":[{"taxonomy":"category","embeddable":true,"href":"https:\/\/public.kantarpolska.com\/archiwumraportow\/wp-json\/wp\/v2\/categories?post=1188"},{"taxonomy":"post_tag","embeddable":true,"href":"https:\/\/public.kantarpolska.com\/archiwumraportow\/wp-json\/wp\/v2\/tags?post=1188"}],"curies":[{"name":"wp","href":"https:\/\/api.w.org\/{rel}","templated":true}]}}