
{"id":1185,"date":"2002-08-26T00:00:00","date_gmt":"2002-08-26T00:00:00","guid":{"rendered":"https:\/\/www.tnsglobal.pl\/archiwumraportow\/2002\/08\/26\/opinie-polakow-o-kosciele-po-wizycie-papieza\/"},"modified":"2002-08-26T00:00:00","modified_gmt":"2002-08-26T00:00:00","slug":"opinie-polakow-o-kosciele-po-wizycie-papieza","status":"publish","type":"post","link":"https:\/\/public.kantarpolska.com\/archiwumraportow\/2002\/08\/26\/opinie-polakow-o-kosciele-po-wizycie-papieza\/","title":{"rendered":"Opinie Polak\u00f3w o Ko\u015bciele po wizycie Papie\u017ca"},"content":{"rendered":"<p>Stosunek Polak\u00f3w do Ko\u015bcio\u0142a katolickiego (zaufanie, ocena zaanga\u017cowania w \u017cycie publiczne oraz opinie na temat potrzeby respektowania zasad spo\u0142ecznej nauki Ko\u015bcio\u0142a przez rz\u0105dz\u0105cych) jest badaniem od wielu<!--more--> lat prowadzonym przez OBOP. Po raz ostatni badanie takie realizowali\u015bmy w czerwcu b.r. &#8211; na dwa miesi\u0105ce przed pielgrzymk\u0105 Papie\u017ca Jana Paw\u0142a II do kraju. Kilka dni po wyje\u017adzie Papie\u017ca z Polski postanowili\u015bmy powr\u00f3ci\u0107 do tego temu i sprawdzi\u0107, jak zmieni\u0142y si\u0119 &#8211; pod wp\u0142ywem tej wizyty &#8211; opinie Polak\u00f3w o Ko\u015bciele katolickim.<\/p>\n<div class=\"infopay\">Raport udost\u0119pniany jest bezp\u0142atnie, w us\u0142udze &#8222;udost\u0119pnij aby pobra\u0107&#8221;.<br \/>\n          <b>Na czym to polega?<\/b> Raport b\u0119dzie dost\u0119pny do pobrania w pdf po udost\u0119pnieniu wpisu z linkiem do Archiwum Raport\u00f3w TNS Polska na wybranym serwisie spo\u0142eczno\u015bciowym: Facebooku lub Twitterze.\n          <\/div>\n","protected":false},"excerpt":{"rendered":"<p>Stosunek Polak\u00f3w do Ko\u015bcio\u0142a katolickiego (zaufanie, ocena zaanga\u017cowania w \u017cycie publiczne oraz opinie na temat potrzeby respektowania zasad spo\u0142ecznej nauki Ko\u015bcio\u0142a przez rz\u0105dz\u0105cych) jest badaniem od wielu<\/p>\n","protected":false},"author":1,"featured_media":0,"comment_status":"closed","ping_status":"closed","sticky":false,"template":"","format":"standard","meta":{"ngg_post_thumbnail":0},"categories":[1],"tags":[],"_links":{"self":[{"href":"https:\/\/public.kantarpolska.com\/archiwumraportow\/wp-json\/wp\/v2\/posts\/1185"}],"collection":[{"href":"https:\/\/public.kantarpolska.com\/archiwumraportow\/wp-json\/wp\/v2\/posts"}],"about":[{"href":"https:\/\/public.kantarpolska.com\/archiwumraportow\/wp-json\/wp\/v2\/types\/post"}],"author":[{"embeddable":true,"href":"https:\/\/public.kantarpolska.com\/archiwumraportow\/wp-json\/wp\/v2\/users\/1"}],"replies":[{"embeddable":true,"href":"https:\/\/public.kantarpolska.com\/archiwumraportow\/wp-json\/wp\/v2\/comments?post=1185"}],"version-history":[{"count":0,"href":"https:\/\/public.kantarpolska.com\/archiwumraportow\/wp-json\/wp\/v2\/posts\/1185\/revisions"}],"wp:attachment":[{"href":"https:\/\/public.kantarpolska.com\/archiwumraportow\/wp-json\/wp\/v2\/media?parent=1185"}],"wp:term":[{"taxonomy":"category","embeddable":true,"href":"https:\/\/public.kantarpolska.com\/archiwumraportow\/wp-json\/wp\/v2\/categories?post=1185"},{"taxonomy":"post_tag","embeddable":true,"href":"https:\/\/public.kantarpolska.com\/archiwumraportow\/wp-json\/wp\/v2\/tags?post=1185"}],"curies":[{"name":"wp","href":"https:\/\/api.w.org\/{rel}","templated":true}]}}