
{"id":1177,"date":"2002-08-26T00:00:00","date_gmt":"2002-08-26T00:00:00","guid":{"rendered":"https:\/\/www.tnsglobal.pl\/archiwumraportow\/2002\/08\/26\/co-polacy-zapamietali-z-przeslania-papieza-i-jak-przez-jego-pryzmat-oceniaja-polska-rzeczywistosc\/"},"modified":"2002-08-26T00:00:00","modified_gmt":"2002-08-26T00:00:00","slug":"co-polacy-zapamietali-z-przeslania-papieza-i-jak-przez-jego-pryzmat-oceniaja-polska-rzeczywistosc","status":"publish","type":"post","link":"https:\/\/public.kantarpolska.com\/archiwumraportow\/2002\/08\/26\/co-polacy-zapamietali-z-przeslania-papieza-i-jak-przez-jego-pryzmat-oceniaja-polska-rzeczywistosc\/","title":{"rendered":"Co Polacy zapami\u0119tali z przes\u0142ania Papie\u017ca i jak &#8211; przez jego pryzmat &#8211; oceniaj\u0105 polsk\u0105 rzeczywisto\u015b\u0107?"},"content":{"rendered":"<p>Zako\u0144czona 19 sierpnia br. pielgrzymka Jana Paw\u0142a II do Polski by\u0142a jedn\u0105 z najkr\u00f3tszych, w wyst\u0105pieniach papieskich nie by\u0142o wi\u0119c poruszanych tak wiele spraw jak podczas wcze\u015bniejszych, d\u0142u\u017cszych<!--more--> pobyt\u00f3w w Polsce. Co z wypowiedzi Papie\u017ca zapami\u0119tali Polacy, jakie s\u0142owa utkwi\u0142y im szczeg\u00f3lnie w pami\u0119ci? Jak s\u0105dz\u0105, w jaki spos\u00f3b Papie\u017c oceni\u0142by swoich rodak\u00f3w i r\u00f3\u017cne aspekty naszej rzeczywisto\u015bci? Odpowiedzi na te pytania przynosi komunikat z przeprowadzonego kilka dni po zako\u0144czeniu papieskiej wizyty sonda\u017cu.<\/p>\n<div class=\"infopay\">Raport udost\u0119pniany jest bezp\u0142atnie, w us\u0142udze &#8222;udost\u0119pnij aby pobra\u0107&#8221;.<br \/>\n          <b>Na czym to polega?<\/b> Raport b\u0119dzie dost\u0119pny do pobrania w pdf po udost\u0119pnieniu wpisu z linkiem do Archiwum Raport\u00f3w TNS Polska na wybranym serwisie spo\u0142eczno\u015bciowym: Facebooku lub Twitterze.\n          <\/div>\n","protected":false},"excerpt":{"rendered":"<p>Zako\u0144czona 19 sierpnia br. pielgrzymka Jana Paw\u0142a II do Polski by\u0142a jedn\u0105 z najkr\u00f3tszych, w wyst\u0105pieniach papieskich nie by\u0142o wi\u0119c poruszanych tak wiele spraw jak podczas wcze\u015bniejszych, d\u0142u\u017cszych<\/p>\n","protected":false},"author":1,"featured_media":0,"comment_status":"closed","ping_status":"closed","sticky":false,"template":"","format":"standard","meta":{"ngg_post_thumbnail":0},"categories":[1],"tags":[],"_links":{"self":[{"href":"https:\/\/public.kantarpolska.com\/archiwumraportow\/wp-json\/wp\/v2\/posts\/1177"}],"collection":[{"href":"https:\/\/public.kantarpolska.com\/archiwumraportow\/wp-json\/wp\/v2\/posts"}],"about":[{"href":"https:\/\/public.kantarpolska.com\/archiwumraportow\/wp-json\/wp\/v2\/types\/post"}],"author":[{"embeddable":true,"href":"https:\/\/public.kantarpolska.com\/archiwumraportow\/wp-json\/wp\/v2\/users\/1"}],"replies":[{"embeddable":true,"href":"https:\/\/public.kantarpolska.com\/archiwumraportow\/wp-json\/wp\/v2\/comments?post=1177"}],"version-history":[{"count":0,"href":"https:\/\/public.kantarpolska.com\/archiwumraportow\/wp-json\/wp\/v2\/posts\/1177\/revisions"}],"wp:attachment":[{"href":"https:\/\/public.kantarpolska.com\/archiwumraportow\/wp-json\/wp\/v2\/media?parent=1177"}],"wp:term":[{"taxonomy":"category","embeddable":true,"href":"https:\/\/public.kantarpolska.com\/archiwumraportow\/wp-json\/wp\/v2\/categories?post=1177"},{"taxonomy":"post_tag","embeddable":true,"href":"https:\/\/public.kantarpolska.com\/archiwumraportow\/wp-json\/wp\/v2\/tags?post=1177"}],"curies":[{"name":"wp","href":"https:\/\/api.w.org\/{rel}","templated":true}]}}