
{"id":1176,"date":"2002-08-26T00:00:00","date_gmt":"2002-08-26T00:00:00","guid":{"rendered":"https:\/\/www.tnsglobal.pl\/archiwumraportow\/2002\/08\/26\/polacy-o-wizycie-papieza-2\/"},"modified":"2002-08-26T00:00:00","modified_gmt":"2002-08-26T00:00:00","slug":"polacy-o-wizycie-papieza-2","status":"publish","type":"post","link":"https:\/\/public.kantarpolska.com\/archiwumraportow\/2002\/08\/26\/polacy-o-wizycie-papieza-2\/","title":{"rendered":"Polacy o wizycie Papie\u017ca."},"content":{"rendered":"<p>19 sierpnia zako\u0144czy\u0142a si\u0119 dziewi\u0105ta pielgrzymka Jana Paw\u0142a II do Polski. Kilka dni p\u00f3\u017aniej TNS OBOP zapyta\u0142 Polak\u00f3w o ich zainteresowanie wizyt\u0105, ocen\u0119 jej znaczenia i<!--more--> wp\u0142ywu na sytuacj\u0119 w Polsce i pozycj\u0119 naszego kraju na arenie mi\u0119dzynarodowej. Wyniki sonda\u017cu zosta\u0142y zestawione z danymi uzyskanymi w badaniach realizowanych po poprzednich pielgrzymkach papieskich w 1997 i 1999 r.<\/p>\n<div class=\"infopay\">Raport udost\u0119pniany jest bezp\u0142atnie, w us\u0142udze &#8222;udost\u0119pnij aby pobra\u0107&#8221;.<br \/>\n          <b>Na czym to polega?<\/b> Raport b\u0119dzie dost\u0119pny do pobrania w pdf po udost\u0119pnieniu wpisu z linkiem do Archiwum Raport\u00f3w TNS Polska na wybranym serwisie spo\u0142eczno\u015bciowym: Facebooku lub Twitterze.\n          <\/div>\n","protected":false},"excerpt":{"rendered":"<p>19 sierpnia zako\u0144czy\u0142a si\u0119 dziewi\u0105ta pielgrzymka Jana Paw\u0142a II do Polski. Kilka dni p\u00f3\u017aniej TNS OBOP zapyta\u0142 Polak\u00f3w o ich zainteresowanie wizyt\u0105, ocen\u0119 jej znaczenia i<\/p>\n","protected":false},"author":1,"featured_media":0,"comment_status":"closed","ping_status":"closed","sticky":false,"template":"","format":"standard","meta":{"ngg_post_thumbnail":0},"categories":[1],"tags":[],"_links":{"self":[{"href":"https:\/\/public.kantarpolska.com\/archiwumraportow\/wp-json\/wp\/v2\/posts\/1176"}],"collection":[{"href":"https:\/\/public.kantarpolska.com\/archiwumraportow\/wp-json\/wp\/v2\/posts"}],"about":[{"href":"https:\/\/public.kantarpolska.com\/archiwumraportow\/wp-json\/wp\/v2\/types\/post"}],"author":[{"embeddable":true,"href":"https:\/\/public.kantarpolska.com\/archiwumraportow\/wp-json\/wp\/v2\/users\/1"}],"replies":[{"embeddable":true,"href":"https:\/\/public.kantarpolska.com\/archiwumraportow\/wp-json\/wp\/v2\/comments?post=1176"}],"version-history":[{"count":0,"href":"https:\/\/public.kantarpolska.com\/archiwumraportow\/wp-json\/wp\/v2\/posts\/1176\/revisions"}],"wp:attachment":[{"href":"https:\/\/public.kantarpolska.com\/archiwumraportow\/wp-json\/wp\/v2\/media?parent=1176"}],"wp:term":[{"taxonomy":"category","embeddable":true,"href":"https:\/\/public.kantarpolska.com\/archiwumraportow\/wp-json\/wp\/v2\/categories?post=1176"},{"taxonomy":"post_tag","embeddable":true,"href":"https:\/\/public.kantarpolska.com\/archiwumraportow\/wp-json\/wp\/v2\/tags?post=1176"}],"curies":[{"name":"wp","href":"https:\/\/api.w.org\/{rel}","templated":true}]}}