
{"id":1174,"date":"2002-08-26T00:00:00","date_gmt":"2002-08-26T00:00:00","guid":{"rendered":"https:\/\/www.tnsglobal.pl\/archiwumraportow\/2002\/08\/26\/preferencje-partyjne-polakow-tuz-po-wizycie-papieza-w-sierpniu-2002-r\/"},"modified":"2002-08-26T00:00:00","modified_gmt":"2002-08-26T00:00:00","slug":"preferencje-partyjne-polakow-tuz-po-wizycie-papieza-w-sierpniu-2002-r","status":"publish","type":"post","link":"https:\/\/public.kantarpolska.com\/archiwumraportow\/2002\/08\/26\/preferencje-partyjne-polakow-tuz-po-wizycie-papieza-w-sierpniu-2002-r\/","title":{"rendered":"Preferencje partyjne Polak\u00f3w tu\u017c po wizycie Papie\u017ca w sierpniu 2002 r."},"content":{"rendered":"<p>Pod koniec sierpnia &#8211; kilka dni po wizycie Papie\u017ca Jana Paw\u0142a II w kraju &#8211; przeprowadzili\u015bmy badanie, w kt\u00f3rym pytali\u015bmy m.in. o preferencje partyjne Polak\u00f3w. Nasz sonda\u017c (dotycz\u0105cy<!--more--> preferencji w hipotetycznych wyborach do Sejmu) zrealizowany zosta\u0142 ju\u017c po og\u0142oszeniu terminu wybor\u00f3w samorz\u0105dowych oraz po podpisaniu przez Prezydenta nowelizacji kodeksu pracy.<\/p>\n<div class=\"infopay\">Raport udost\u0119pniany jest bezp\u0142atnie, w us\u0142udze &#8222;udost\u0119pnij aby pobra\u0107&#8221;.<br \/>\n          <b>Na czym to polega?<\/b> Raport b\u0119dzie dost\u0119pny do pobrania w pdf po udost\u0119pnieniu wpisu z linkiem do Archiwum Raport\u00f3w TNS Polska na wybranym serwisie spo\u0142eczno\u015bciowym: Facebooku lub Twitterze.\n          <\/div>\n","protected":false},"excerpt":{"rendered":"<p>Pod koniec sierpnia &#8211; kilka dni po wizycie Papie\u017ca Jana Paw\u0142a II w kraju &#8211; przeprowadzili\u015bmy badanie, w kt\u00f3rym pytali\u015bmy m.in. o preferencje partyjne Polak\u00f3w. Nasz sonda\u017c (dotycz\u0105cy<\/p>\n","protected":false},"author":1,"featured_media":0,"comment_status":"closed","ping_status":"closed","sticky":false,"template":"","format":"standard","meta":{"ngg_post_thumbnail":0},"categories":[1],"tags":[],"_links":{"self":[{"href":"https:\/\/public.kantarpolska.com\/archiwumraportow\/wp-json\/wp\/v2\/posts\/1174"}],"collection":[{"href":"https:\/\/public.kantarpolska.com\/archiwumraportow\/wp-json\/wp\/v2\/posts"}],"about":[{"href":"https:\/\/public.kantarpolska.com\/archiwumraportow\/wp-json\/wp\/v2\/types\/post"}],"author":[{"embeddable":true,"href":"https:\/\/public.kantarpolska.com\/archiwumraportow\/wp-json\/wp\/v2\/users\/1"}],"replies":[{"embeddable":true,"href":"https:\/\/public.kantarpolska.com\/archiwumraportow\/wp-json\/wp\/v2\/comments?post=1174"}],"version-history":[{"count":0,"href":"https:\/\/public.kantarpolska.com\/archiwumraportow\/wp-json\/wp\/v2\/posts\/1174\/revisions"}],"wp:attachment":[{"href":"https:\/\/public.kantarpolska.com\/archiwumraportow\/wp-json\/wp\/v2\/media?parent=1174"}],"wp:term":[{"taxonomy":"category","embeddable":true,"href":"https:\/\/public.kantarpolska.com\/archiwumraportow\/wp-json\/wp\/v2\/categories?post=1174"},{"taxonomy":"post_tag","embeddable":true,"href":"https:\/\/public.kantarpolska.com\/archiwumraportow\/wp-json\/wp\/v2\/tags?post=1174"}],"curies":[{"name":"wp","href":"https:\/\/api.w.org\/{rel}","templated":true}]}}