
{"id":1170,"date":"2002-08-05T00:00:00","date_gmt":"2002-08-05T00:00:00","guid":{"rendered":"https:\/\/www.tnsglobal.pl\/archiwumraportow\/2002\/08\/05\/spoleczne-oceny-rzadu-premiera-i-prezydenta-sierpien-2002-r\/"},"modified":"2002-08-05T00:00:00","modified_gmt":"2002-08-05T00:00:00","slug":"spoleczne-oceny-rzadu-premiera-i-prezydenta-sierpien-2002-r","status":"publish","type":"post","link":"https:\/\/public.kantarpolska.com\/archiwumraportow\/2002\/08\/05\/spoleczne-oceny-rzadu-premiera-i-prezydenta-sierpien-2002-r\/","title":{"rendered":"Spo\u0142eczne oceny rz\u0105du, premiera i prezydenta &#8211; sierpie\u0144 2002 r."},"content":{"rendered":"<p>Na pocz\u0105tku sierpnia &#8211; ju\u017c po raz kolejny w bie\u017c\u0105cym roku &#8211; Polacy ocenili dzia\u0142alno\u015b\u0107 trzech instytucji w\u0142adzy. Badani wyrazili swoje zdanie na temat sposobu funkcjonowania obecnego<!--more--> rz\u0105du koalicji SLD-UP-PSL a tak\u017ce podzielili si\u0119 opiniami dotycz\u0105cymi dzia\u0142alno\u015bci premiera oraz prezydenta.<\/p>\n<div class=\"infopay\">Raport udost\u0119pniany jest bezp\u0142atnie, w us\u0142udze &#8222;udost\u0119pnij aby pobra\u0107&#8221;.<br \/>\n          <b>Na czym to polega?<\/b> Raport b\u0119dzie dost\u0119pny do pobrania w pdf po udost\u0119pnieniu wpisu z linkiem do Archiwum Raport\u00f3w TNS Polska na wybranym serwisie spo\u0142eczno\u015bciowym: Facebooku lub Twitterze.\n          <\/div>\n","protected":false},"excerpt":{"rendered":"<p>Na pocz\u0105tku sierpnia &#8211; ju\u017c po raz kolejny w bie\u017c\u0105cym roku &#8211; Polacy ocenili dzia\u0142alno\u015b\u0107 trzech instytucji w\u0142adzy. Badani wyrazili swoje zdanie na temat sposobu funkcjonowania obecnego<\/p>\n","protected":false},"author":1,"featured_media":0,"comment_status":"closed","ping_status":"closed","sticky":false,"template":"","format":"standard","meta":{"ngg_post_thumbnail":0},"categories":[1],"tags":[],"_links":{"self":[{"href":"https:\/\/public.kantarpolska.com\/archiwumraportow\/wp-json\/wp\/v2\/posts\/1170"}],"collection":[{"href":"https:\/\/public.kantarpolska.com\/archiwumraportow\/wp-json\/wp\/v2\/posts"}],"about":[{"href":"https:\/\/public.kantarpolska.com\/archiwumraportow\/wp-json\/wp\/v2\/types\/post"}],"author":[{"embeddable":true,"href":"https:\/\/public.kantarpolska.com\/archiwumraportow\/wp-json\/wp\/v2\/users\/1"}],"replies":[{"embeddable":true,"href":"https:\/\/public.kantarpolska.com\/archiwumraportow\/wp-json\/wp\/v2\/comments?post=1170"}],"version-history":[{"count":0,"href":"https:\/\/public.kantarpolska.com\/archiwumraportow\/wp-json\/wp\/v2\/posts\/1170\/revisions"}],"wp:attachment":[{"href":"https:\/\/public.kantarpolska.com\/archiwumraportow\/wp-json\/wp\/v2\/media?parent=1170"}],"wp:term":[{"taxonomy":"category","embeddable":true,"href":"https:\/\/public.kantarpolska.com\/archiwumraportow\/wp-json\/wp\/v2\/categories?post=1170"},{"taxonomy":"post_tag","embeddable":true,"href":"https:\/\/public.kantarpolska.com\/archiwumraportow\/wp-json\/wp\/v2\/tags?post=1170"}],"curies":[{"name":"wp","href":"https:\/\/api.w.org\/{rel}","templated":true}]}}