
{"id":1168,"date":"2002-08-05T00:00:00","date_gmt":"2002-08-05T00:00:00","guid":{"rendered":"https:\/\/www.tnsglobal.pl\/archiwumraportow\/2002\/08\/05\/preferencje-partyjne-polakow-na-poczatku-sierpnia-2002-r\/"},"modified":"2002-08-05T00:00:00","modified_gmt":"2002-08-05T00:00:00","slug":"preferencje-partyjne-polakow-na-poczatku-sierpnia-2002-r","status":"publish","type":"post","link":"https:\/\/public.kantarpolska.com\/archiwumraportow\/2002\/08\/05\/preferencje-partyjne-polakow-na-poczatku-sierpnia-2002-r\/","title":{"rendered":"Preferencje partyjne Polak\u00f3w na pocz\u0105tku sierpnia 2002 r."},"content":{"rendered":"<p>Na pocz\u0105tku sierpnia Andrzej Lepper po raz kolejny zagrozi\u0142 rolniczymi protestami. W tym samym czasie dosz\u0142o do zablokowania drogi krajowej w Bartoszycach. Jednak zapowiedzi Leppera nie spotka\u0142y<!--more--> si\u0119 z poparciem przynajmniej cz\u0119\u015bci rolniczych \u015brodowisk &#8211; K\u00f3\u0142ka Rolnicze odnios\u0142y si\u0119 do tego pomys\u0142u negatywnie. Czy wi\u0119c, wobec problem\u00f3w ze skupem zb\u00f3\u017c, poparcie dla Samoobrony wzro\u015bnie?rnW okresie gdy mia\u0142y miejsce omawiane wydarzenia przeprowadzili\u015bmy badanie, kt\u00f3rego wyniki powinny pom\u00f3c znale\u017a\u0107 odpowied\u017a na pytanie, jak na pocz\u0105tku sierpnia kszta\u0142towa\u0142y si\u0119 notowania partii politycznych. A pocz\u0105tek sierpnia tego roku to nie tylko k\u0142opoty ze skupem, ale tak\u017ce przygotowania do kampanii samorz\u0105dowej &#8211; zawierane lokalne porozumienia i koalicje oraz przede wszystkim typowanie kandydat\u00f3w na prezydent\u00f3w.<\/p>\n<div class=\"infopay\">Raport udost\u0119pniany jest bezp\u0142atnie, w us\u0142udze &#8222;udost\u0119pnij aby pobra\u0107&#8221;.<br \/>\n          <b>Na czym to polega?<\/b> Raport b\u0119dzie dost\u0119pny do pobrania w pdf po udost\u0119pnieniu wpisu z linkiem do Archiwum Raport\u00f3w TNS Polska na wybranym serwisie spo\u0142eczno\u015bciowym: Facebooku lub Twitterze.\n          <\/div>\n","protected":false},"excerpt":{"rendered":"<p>Na pocz\u0105tku sierpnia Andrzej Lepper po raz kolejny zagrozi\u0142 rolniczymi protestami. W tym samym czasie dosz\u0142o do zablokowania drogi krajowej w Bartoszycach. Jednak zapowiedzi Leppera nie spotka\u0142y<\/p>\n","protected":false},"author":1,"featured_media":0,"comment_status":"closed","ping_status":"closed","sticky":false,"template":"","format":"standard","meta":{"ngg_post_thumbnail":0},"categories":[1],"tags":[],"_links":{"self":[{"href":"https:\/\/public.kantarpolska.com\/archiwumraportow\/wp-json\/wp\/v2\/posts\/1168"}],"collection":[{"href":"https:\/\/public.kantarpolska.com\/archiwumraportow\/wp-json\/wp\/v2\/posts"}],"about":[{"href":"https:\/\/public.kantarpolska.com\/archiwumraportow\/wp-json\/wp\/v2\/types\/post"}],"author":[{"embeddable":true,"href":"https:\/\/public.kantarpolska.com\/archiwumraportow\/wp-json\/wp\/v2\/users\/1"}],"replies":[{"embeddable":true,"href":"https:\/\/public.kantarpolska.com\/archiwumraportow\/wp-json\/wp\/v2\/comments?post=1168"}],"version-history":[{"count":0,"href":"https:\/\/public.kantarpolska.com\/archiwumraportow\/wp-json\/wp\/v2\/posts\/1168\/revisions"}],"wp:attachment":[{"href":"https:\/\/public.kantarpolska.com\/archiwumraportow\/wp-json\/wp\/v2\/media?parent=1168"}],"wp:term":[{"taxonomy":"category","embeddable":true,"href":"https:\/\/public.kantarpolska.com\/archiwumraportow\/wp-json\/wp\/v2\/categories?post=1168"},{"taxonomy":"post_tag","embeddable":true,"href":"https:\/\/public.kantarpolska.com\/archiwumraportow\/wp-json\/wp\/v2\/tags?post=1168"}],"curies":[{"name":"wp","href":"https:\/\/api.w.org\/{rel}","templated":true}]}}