
{"id":1164,"date":"2002-06-10T00:00:00","date_gmt":"2002-06-10T00:00:00","guid":{"rendered":"https:\/\/www.tnsglobal.pl\/archiwumraportow\/2002\/06\/10\/opinie-polakow-o-kosciele-czerwiec-2002\/"},"modified":"2002-06-10T00:00:00","modified_gmt":"2002-06-10T00:00:00","slug":"opinie-polakow-o-kosciele-czerwiec-2002","status":"publish","type":"post","link":"https:\/\/public.kantarpolska.com\/archiwumraportow\/2002\/06\/10\/opinie-polakow-o-kosciele-czerwiec-2002\/","title":{"rendered":"Opinie Polak\u00f3w o ko\u015bciele &#8211; czerwiec 2002."},"content":{"rendered":"<p>Jak ka\u017cdego roku, tak\u017ce i w tym, na pocz\u0105tku sierpnia z pielgrzymk\u0105 do Cz\u0119stochowy wyruszy\u0142y tysi\u0105ce Polak\u00f3w. Tymczasem ju\u017c tylko dziesi\u0119\u0107 dni pozosta\u0142o do pielgrzymki Papie\u017ca<!--more--> Jana Paw\u0142a II do Polski. W tym szczeg\u00f3lnym okresie postanowili\u015bmy zastanowi\u0107 si\u0119 nad tym, jaka jest &#8211; nie od \u015bwi\u0119ta, ale na co dzie\u0144 &#8211; wiara Polak\u00f3w przejawiana uczestnictwem w praktykach religijnych oraz co Polacy s\u0105dz\u0105 o Ko\u015bciele katolickim. Niniejszy komunikat oparty zosta\u0142 na wynikach badania, kt\u00f3re zrealizowali\u015bmy w pierwszej po\u0142owie czerwca, czyli ponad dwa miesi\u0105ce przed przyjazdem Jana Paw\u0142a II do kraju.<\/p>\n<div class=\"infopay\">Raport udost\u0119pniany jest bezp\u0142atnie, w us\u0142udze &#8222;udost\u0119pnij aby pobra\u0107&#8221;.<br \/>\n          <b>Na czym to polega?<\/b> Raport b\u0119dzie dost\u0119pny do pobrania w pdf po udost\u0119pnieniu wpisu z linkiem do Archiwum Raport\u00f3w TNS Polska na wybranym serwisie spo\u0142eczno\u015bciowym: Facebooku lub Twitterze.\n          <\/div>\n","protected":false},"excerpt":{"rendered":"<p>Jak ka\u017cdego roku, tak\u017ce i w tym, na pocz\u0105tku sierpnia z pielgrzymk\u0105 do Cz\u0119stochowy wyruszy\u0142y tysi\u0105ce Polak\u00f3w. Tymczasem ju\u017c tylko dziesi\u0119\u0107 dni pozosta\u0142o do pielgrzymki Papie\u017ca<\/p>\n","protected":false},"author":1,"featured_media":0,"comment_status":"closed","ping_status":"closed","sticky":false,"template":"","format":"standard","meta":{"ngg_post_thumbnail":0},"categories":[1],"tags":[],"_links":{"self":[{"href":"https:\/\/public.kantarpolska.com\/archiwumraportow\/wp-json\/wp\/v2\/posts\/1164"}],"collection":[{"href":"https:\/\/public.kantarpolska.com\/archiwumraportow\/wp-json\/wp\/v2\/posts"}],"about":[{"href":"https:\/\/public.kantarpolska.com\/archiwumraportow\/wp-json\/wp\/v2\/types\/post"}],"author":[{"embeddable":true,"href":"https:\/\/public.kantarpolska.com\/archiwumraportow\/wp-json\/wp\/v2\/users\/1"}],"replies":[{"embeddable":true,"href":"https:\/\/public.kantarpolska.com\/archiwumraportow\/wp-json\/wp\/v2\/comments?post=1164"}],"version-history":[{"count":0,"href":"https:\/\/public.kantarpolska.com\/archiwumraportow\/wp-json\/wp\/v2\/posts\/1164\/revisions"}],"wp:attachment":[{"href":"https:\/\/public.kantarpolska.com\/archiwumraportow\/wp-json\/wp\/v2\/media?parent=1164"}],"wp:term":[{"taxonomy":"category","embeddable":true,"href":"https:\/\/public.kantarpolska.com\/archiwumraportow\/wp-json\/wp\/v2\/categories?post=1164"},{"taxonomy":"post_tag","embeddable":true,"href":"https:\/\/public.kantarpolska.com\/archiwumraportow\/wp-json\/wp\/v2\/tags?post=1164"}],"curies":[{"name":"wp","href":"https:\/\/api.w.org\/{rel}","templated":true}]}}