
{"id":1163,"date":"2002-06-10T00:00:00","date_gmt":"2002-06-10T00:00:00","guid":{"rendered":"https:\/\/www.tnsglobal.pl\/archiwumraportow\/2002\/06\/10\/pamiec-polski-ludowej-i-rzadow-w-iii-rzeczpospolitej\/"},"modified":"2002-06-10T00:00:00","modified_gmt":"2002-06-10T00:00:00","slug":"pamiec-polski-ludowej-i-rzadow-w-iii-rzeczpospolitej","status":"publish","type":"post","link":"https:\/\/public.kantarpolska.com\/archiwumraportow\/2002\/06\/10\/pamiec-polski-ludowej-i-rzadow-w-iii-rzeczpospolitej\/","title":{"rendered":"Pami\u0119\u0107 Polski Ludowej i rz\u0105d\u00f3w w III Rzeczpospolitej"},"content":{"rendered":"<p>We wrze\u015bniu 1998 r. OBOP przeprowadzi\u0142 ostatnie z serii powtarzanych od 1994 r. bada\u0144, w kt\u00f3rym pytano Polak\u00f3w o opini\u0119 na temat kolejnych formacji politycznych rz\u0105dz\u0105cych<!--more--> w naszym kraju. W czerwcu 2002 r. TNS-OBOP wr\u00f3ci\u0142 do tego tematu. Por\u00f3wnanie wynik\u00f3w tych bada\u0144 pozwala nie tylko opisa\u0107 zmiany w ocenach formacji rz\u0105dz\u0105cych, ale tak\u017ce pokaza\u0107 mo\u017cliwy wp\u0142yw rz\u0105d\u00f3w AWS (i UW) i zmiany rz\u0105du na rz\u0105d koalicji SLD-UP z PSL &#8211; na te oceny.<\/p>\n<div class=\"infopay\">Raport udost\u0119pniany jest bezp\u0142atnie, w us\u0142udze &#8222;udost\u0119pnij aby pobra\u0107&#8221;.<br \/>\n          <b>Na czym to polega?<\/b> Raport b\u0119dzie dost\u0119pny do pobrania w pdf po udost\u0119pnieniu wpisu z linkiem do Archiwum Raport\u00f3w TNS Polska na wybranym serwisie spo\u0142eczno\u015bciowym: Facebooku lub Twitterze.\n          <\/div>\n","protected":false},"excerpt":{"rendered":"<p>We wrze\u015bniu 1998 r. OBOP przeprowadzi\u0142 ostatnie z serii powtarzanych od 1994 r. bada\u0144, w kt\u00f3rym pytano Polak\u00f3w o opini\u0119 na temat kolejnych formacji politycznych rz\u0105dz\u0105cych<\/p>\n","protected":false},"author":1,"featured_media":0,"comment_status":"closed","ping_status":"closed","sticky":false,"template":"","format":"standard","meta":{"ngg_post_thumbnail":0},"categories":[1],"tags":[],"_links":{"self":[{"href":"https:\/\/public.kantarpolska.com\/archiwumraportow\/wp-json\/wp\/v2\/posts\/1163"}],"collection":[{"href":"https:\/\/public.kantarpolska.com\/archiwumraportow\/wp-json\/wp\/v2\/posts"}],"about":[{"href":"https:\/\/public.kantarpolska.com\/archiwumraportow\/wp-json\/wp\/v2\/types\/post"}],"author":[{"embeddable":true,"href":"https:\/\/public.kantarpolska.com\/archiwumraportow\/wp-json\/wp\/v2\/users\/1"}],"replies":[{"embeddable":true,"href":"https:\/\/public.kantarpolska.com\/archiwumraportow\/wp-json\/wp\/v2\/comments?post=1163"}],"version-history":[{"count":0,"href":"https:\/\/public.kantarpolska.com\/archiwumraportow\/wp-json\/wp\/v2\/posts\/1163\/revisions"}],"wp:attachment":[{"href":"https:\/\/public.kantarpolska.com\/archiwumraportow\/wp-json\/wp\/v2\/media?parent=1163"}],"wp:term":[{"taxonomy":"category","embeddable":true,"href":"https:\/\/public.kantarpolska.com\/archiwumraportow\/wp-json\/wp\/v2\/categories?post=1163"},{"taxonomy":"post_tag","embeddable":true,"href":"https:\/\/public.kantarpolska.com\/archiwumraportow\/wp-json\/wp\/v2\/tags?post=1163"}],"curies":[{"name":"wp","href":"https:\/\/api.w.org\/{rel}","templated":true}]}}