
{"id":1162,"date":"2002-07-08T00:00:00","date_gmt":"2002-07-08T00:00:00","guid":{"rendered":"https:\/\/www.tnsglobal.pl\/archiwumraportow\/2002\/07\/08\/polacy-wobec-czlonkostwa-w-unii-europejskiej-lipiec-2002\/"},"modified":"2002-07-08T00:00:00","modified_gmt":"2002-07-08T00:00:00","slug":"polacy-wobec-czlonkostwa-w-unii-europejskiej-lipiec-2002","status":"publish","type":"post","link":"https:\/\/public.kantarpolska.com\/archiwumraportow\/2002\/07\/08\/polacy-wobec-czlonkostwa-w-unii-europejskiej-lipiec-2002\/","title":{"rendered":"Polacy wobec cz\u0142onkostwa w Unii Europejskiej &#8211; lipiec 2002"},"content":{"rendered":"<p>Komunikat przedstawia wyniki realizowanego przez TNS OBOP w pierwszej po\u0142owie lipca sonda\u017cu Euro-Track &#8211; sta\u0142ego monitoringu poparcia dla cz\u0142onkostwa Polski w Unii Europejskiej i poczucia poinformowania<!--more--> na ten temat. Badanie by\u0142o realizowane dwa miesi\u0105ce po rozpocz\u0119ciu rz\u0105dowej kampanii informacyjnej &#8222;Unia bez tajemnic&#8221;, po szczycie Unii Europejskiej w Sewilli, ale jeszcze przed wizyt\u0105 w Polsce komisarza UE ds. poszerzenia G. Verheugena.<\/p>\n<div class=\"infopay\">Raport udost\u0119pniany jest bezp\u0142atnie, w us\u0142udze &#8222;udost\u0119pnij aby pobra\u0107&#8221;.<br \/>\n          <b>Na czym to polega?<\/b> Raport b\u0119dzie dost\u0119pny do pobrania w pdf po udost\u0119pnieniu wpisu z linkiem do Archiwum Raport\u00f3w TNS Polska na wybranym serwisie spo\u0142eczno\u015bciowym: Facebooku lub Twitterze.\n          <\/div>\n","protected":false},"excerpt":{"rendered":"<p>Komunikat przedstawia wyniki realizowanego przez TNS OBOP w pierwszej po\u0142owie lipca sonda\u017cu Euro-Track &#8211; sta\u0142ego monitoringu poparcia dla cz\u0142onkostwa Polski w Unii Europejskiej i poczucia poinformowania<\/p>\n","protected":false},"author":1,"featured_media":0,"comment_status":"closed","ping_status":"closed","sticky":false,"template":"","format":"standard","meta":{"ngg_post_thumbnail":0},"categories":[1],"tags":[],"_links":{"self":[{"href":"https:\/\/public.kantarpolska.com\/archiwumraportow\/wp-json\/wp\/v2\/posts\/1162"}],"collection":[{"href":"https:\/\/public.kantarpolska.com\/archiwumraportow\/wp-json\/wp\/v2\/posts"}],"about":[{"href":"https:\/\/public.kantarpolska.com\/archiwumraportow\/wp-json\/wp\/v2\/types\/post"}],"author":[{"embeddable":true,"href":"https:\/\/public.kantarpolska.com\/archiwumraportow\/wp-json\/wp\/v2\/users\/1"}],"replies":[{"embeddable":true,"href":"https:\/\/public.kantarpolska.com\/archiwumraportow\/wp-json\/wp\/v2\/comments?post=1162"}],"version-history":[{"count":0,"href":"https:\/\/public.kantarpolska.com\/archiwumraportow\/wp-json\/wp\/v2\/posts\/1162\/revisions"}],"wp:attachment":[{"href":"https:\/\/public.kantarpolska.com\/archiwumraportow\/wp-json\/wp\/v2\/media?parent=1162"}],"wp:term":[{"taxonomy":"category","embeddable":true,"href":"https:\/\/public.kantarpolska.com\/archiwumraportow\/wp-json\/wp\/v2\/categories?post=1162"},{"taxonomy":"post_tag","embeddable":true,"href":"https:\/\/public.kantarpolska.com\/archiwumraportow\/wp-json\/wp\/v2\/tags?post=1162"}],"curies":[{"name":"wp","href":"https:\/\/api.w.org\/{rel}","templated":true}]}}