
{"id":1158,"date":"2002-07-08T00:00:00","date_gmt":"2002-07-08T00:00:00","guid":{"rendered":"https:\/\/www.tnsglobal.pl\/archiwumraportow\/2002\/07\/08\/kwestia-uchodzstwa-w-swiadomosci-polakow\/"},"modified":"2002-07-08T00:00:00","modified_gmt":"2002-07-08T00:00:00","slug":"kwestia-uchodzstwa-w-swiadomosci-polakow","status":"publish","type":"post","link":"https:\/\/public.kantarpolska.com\/archiwumraportow\/2002\/07\/08\/kwestia-uchodzstwa-w-swiadomosci-polakow\/","title":{"rendered":"Kwestia uchod\u017astwa w \u015bwiadomo\u015bci Polak\u00f3w."},"content":{"rendered":"<p>W dniu 16. czerwca obchodzony by\u0142 w Polsce Dzie\u0144 Uchod\u017acy. TNS OBOP &#8211; na zlecenie Wysokiego Komisarza ONZ do Spraw Uchod\u017ac\u00f3w &#8211; zrealizowa\u0142 badanie, w kt\u00f3rym zapytano<!--more--> Polak\u00f3w o kwestie dotycz\u0105ce uchod\u017ac\u00f3w. Komunikat, kt\u00f3ry publikujemy prezentuje, mi\u0119dzy innymi, informacje o tym jaki jest w\u015br\u00f3d Polak\u00f3w stopie\u0144 poinformowania o Dniu Uchod\u017acy, jak spo\u0142ecze\u0144stwo polskie definiuje uchod\u017ac\u00f3w oraz jakie widzi rozwi\u0105zania dla uchod\u017ac\u00f3w, kt\u00f3rzy znale\u017ali si\u0119 w naszym kraju.<\/p>\n<div class=\"infopay\">Raport udost\u0119pniany jest bezp\u0142atnie, w us\u0142udze &#8222;udost\u0119pnij aby pobra\u0107&#8221;.<br \/>\n          <b>Na czym to polega?<\/b> Raport b\u0119dzie dost\u0119pny do pobrania w pdf po udost\u0119pnieniu wpisu z linkiem do Archiwum Raport\u00f3w TNS Polska na wybranym serwisie spo\u0142eczno\u015bciowym: Facebooku lub Twitterze.\n          <\/div>\n","protected":false},"excerpt":{"rendered":"<p>W dniu 16. czerwca obchodzony by\u0142 w Polsce Dzie\u0144 Uchod\u017acy. TNS OBOP &#8211; na zlecenie Wysokiego Komisarza ONZ do Spraw Uchod\u017ac\u00f3w &#8211; zrealizowa\u0142 badanie, w kt\u00f3rym zapytano<\/p>\n","protected":false},"author":1,"featured_media":0,"comment_status":"closed","ping_status":"closed","sticky":false,"template":"","format":"standard","meta":{"ngg_post_thumbnail":0},"categories":[1],"tags":[],"_links":{"self":[{"href":"https:\/\/public.kantarpolska.com\/archiwumraportow\/wp-json\/wp\/v2\/posts\/1158"}],"collection":[{"href":"https:\/\/public.kantarpolska.com\/archiwumraportow\/wp-json\/wp\/v2\/posts"}],"about":[{"href":"https:\/\/public.kantarpolska.com\/archiwumraportow\/wp-json\/wp\/v2\/types\/post"}],"author":[{"embeddable":true,"href":"https:\/\/public.kantarpolska.com\/archiwumraportow\/wp-json\/wp\/v2\/users\/1"}],"replies":[{"embeddable":true,"href":"https:\/\/public.kantarpolska.com\/archiwumraportow\/wp-json\/wp\/v2\/comments?post=1158"}],"version-history":[{"count":0,"href":"https:\/\/public.kantarpolska.com\/archiwumraportow\/wp-json\/wp\/v2\/posts\/1158\/revisions"}],"wp:attachment":[{"href":"https:\/\/public.kantarpolska.com\/archiwumraportow\/wp-json\/wp\/v2\/media?parent=1158"}],"wp:term":[{"taxonomy":"category","embeddable":true,"href":"https:\/\/public.kantarpolska.com\/archiwumraportow\/wp-json\/wp\/v2\/categories?post=1158"},{"taxonomy":"post_tag","embeddable":true,"href":"https:\/\/public.kantarpolska.com\/archiwumraportow\/wp-json\/wp\/v2\/tags?post=1158"}],"curies":[{"name":"wp","href":"https:\/\/api.w.org\/{rel}","templated":true}]}}