
{"id":1156,"date":"2002-06-10T00:00:00","date_gmt":"2002-06-10T00:00:00","guid":{"rendered":"https:\/\/www.tnsglobal.pl\/archiwumraportow\/2002\/06\/10\/nastroje-strajkowe-polakow-w-czerwcu-2002-r\/"},"modified":"2002-06-10T00:00:00","modified_gmt":"2002-06-10T00:00:00","slug":"nastroje-strajkowe-polakow-w-czerwcu-2002-r","status":"publish","type":"post","link":"https:\/\/public.kantarpolska.com\/archiwumraportow\/2002\/06\/10\/nastroje-strajkowe-polakow-w-czerwcu-2002-r\/","title":{"rendered":"Nastroje strajkowe Polak\u00f3w w czerwcu 2002 r."},"content":{"rendered":"<p>Zgodnie z zapowiedziami Samoobrony we wtorek 25 czerwca Polsk\u0119 mia\u0142a ogarn\u0105\u0107 fala protest\u00f3w i blokad. Tymczasem nic takiego nie mia\u0142o miejsca. Manifestacje, kt\u00f3re si\u0119 odbywa\u0142y mia\u0142y minimalny<!--more--> zasi\u0119g, trwa\u0142y kr\u00f3tko i bra\u0142o w nich udzia\u0142 niewiele os\u00f3b. Przebieg tych wydarze\u0144 mia\u0142 zupe\u0142nie inny charakter ni\u017c w zimie 1999 r.rnCo wp\u0142yn\u0119\u0142o na taki w\u0142a\u015bnie scenariusz wydarze\u0144? Czy\u017cby antystrajkowe nastroje &#8211; spo\u0142eczna dezaprobata wobec podejmowania protest\u00f3w i przekonanie o nies\u0142uszno\u015bci podejmowania tego typu dzia\u0142a\u0144? Dwa tygodnie przed dniem, gdy kraj &#8211; zgodnie z gro\u017abami Samoobrony &#8211; mia\u0142 zosta\u0107 sparali\u017cowany przez protestuj\u0105cych, przeprowadzili\u015bmy badanie dotycz\u0105ce nastroj\u00f3w strajkowych Polak\u00f3w, jego wyniki by\u0107 mo\u017ce pomog\u0105 odpowiedzie\u0107 na stawiane pytania. Najnowsze wyniki por\u00f3wnali\u015bmy z dotychczas otrzymywanymi. Bli\u017cej przyjrzeli\u015bmy si\u0119 te\u017c, jak zmienia\u0142y si\u0119 postawy ludzi w zale\u017cno\u015bci od ich sytuacji spo\u0142eczno-zawodowej w por\u00f3wnaniu z sytuacj\u0105 z wiosny tego roku oraz z sytuacj\u0105 z okresu najg\u0142o\u015bniejszych rolniczych protest\u00f3w &#8211; zim\u0105 &#8217;99 r.<\/p>\n<div class=\"infopay\">Raport udost\u0119pniany jest bezp\u0142atnie, w us\u0142udze &#8222;udost\u0119pnij aby pobra\u0107&#8221;.<br \/>\n          <b>Na czym to polega?<\/b> Raport b\u0119dzie dost\u0119pny do pobrania w pdf po udost\u0119pnieniu wpisu z linkiem do Archiwum Raport\u00f3w TNS Polska na wybranym serwisie spo\u0142eczno\u015bciowym: Facebooku lub Twitterze.\n          <\/div>\n","protected":false},"excerpt":{"rendered":"<p>Zgodnie z zapowiedziami Samoobrony we wtorek 25 czerwca Polsk\u0119 mia\u0142a ogarn\u0105\u0107 fala protest\u00f3w i blokad. Tymczasem nic takiego nie mia\u0142o miejsca. Manifestacje, kt\u00f3re si\u0119 odbywa\u0142y mia\u0142y minimalny<\/p>\n","protected":false},"author":1,"featured_media":0,"comment_status":"closed","ping_status":"closed","sticky":false,"template":"","format":"standard","meta":{"ngg_post_thumbnail":0},"categories":[1],"tags":[],"_links":{"self":[{"href":"https:\/\/public.kantarpolska.com\/archiwumraportow\/wp-json\/wp\/v2\/posts\/1156"}],"collection":[{"href":"https:\/\/public.kantarpolska.com\/archiwumraportow\/wp-json\/wp\/v2\/posts"}],"about":[{"href":"https:\/\/public.kantarpolska.com\/archiwumraportow\/wp-json\/wp\/v2\/types\/post"}],"author":[{"embeddable":true,"href":"https:\/\/public.kantarpolska.com\/archiwumraportow\/wp-json\/wp\/v2\/users\/1"}],"replies":[{"embeddable":true,"href":"https:\/\/public.kantarpolska.com\/archiwumraportow\/wp-json\/wp\/v2\/comments?post=1156"}],"version-history":[{"count":0,"href":"https:\/\/public.kantarpolska.com\/archiwumraportow\/wp-json\/wp\/v2\/posts\/1156\/revisions"}],"wp:attachment":[{"href":"https:\/\/public.kantarpolska.com\/archiwumraportow\/wp-json\/wp\/v2\/media?parent=1156"}],"wp:term":[{"taxonomy":"category","embeddable":true,"href":"https:\/\/public.kantarpolska.com\/archiwumraportow\/wp-json\/wp\/v2\/categories?post=1156"},{"taxonomy":"post_tag","embeddable":true,"href":"https:\/\/public.kantarpolska.com\/archiwumraportow\/wp-json\/wp\/v2\/tags?post=1156"}],"curies":[{"name":"wp","href":"https:\/\/api.w.org\/{rel}","templated":true}]}}