
{"id":1155,"date":"2002-06-10T00:00:00","date_gmt":"2002-06-10T00:00:00","guid":{"rendered":"https:\/\/www.tnsglobal.pl\/archiwumraportow\/2002\/06\/10\/poprawnosc-europejska-w-badaniach-sondazowych\/"},"modified":"2002-06-10T00:00:00","modified_gmt":"2002-06-10T00:00:00","slug":"poprawnosc-europejska-w-badaniach-sondazowych","status":"publish","type":"post","link":"https:\/\/public.kantarpolska.com\/archiwumraportow\/2002\/06\/10\/poprawnosc-europejska-w-badaniach-sondazowych\/","title":{"rendered":"Poprawno\u015b\u0107 europejska w badaniach sonda\u017cowych."},"content":{"rendered":"<p>W sonda\u017cach prowadzonych przez r\u00f3\u017cne o\u015brodki badania opinii publicznej regularnie bada si\u0119 stosunek spo\u0142ecze\u0144stwa polskiego do przyst\u0105pienia Polski do Unii Europejskiej. Kluczowe pytanie dotyczy g\u0142osowania &#8222;za&#8221; lub &#8222;przeciw&#8221;<!--more--> w przysz\u0142ym referendum akcesyjnym. W ostatnim sonda\u017cu TNS-OBOP, zrealizowanym mi\u0119dzy 8 a 10 czerwca 2002 roku, na pytanie o spos\u00f3b g\u0142osowania w referendum, 69 proc. spo\u015br\u00f3d badanych, kt\u00f3rzy zadeklarowali udzia\u0142 w referendum, powiedzia\u0142o, \u017ce b\u0119dzie g\u0142osowa\u0107 &#8222;tak&#8221;. Z metodologii i z do\u015bwiadczenia wiadomo jednak, \u017ce w spo\u0142ecze\u0144stwie dzia\u0142aj\u0105 r\u00f3\u017cne wzorce poprawno\u015bci i \u017ce ich nacisk skrzywia wyniki bada\u0144. Badani ch\u0119tniej udzielaj\u0105 odpowiedzi zgodnych z wzorcami, a powstrzymuj\u0105 si\u0119 od odpowiedzi z nimi niezgodnych. Sonda\u017ce czasem zawy\u017caj\u0105 popularno\u015b\u0107 opinii &#8222;panuj\u0105cych&#8221; &#8211; przypisywanych wi\u0119kszo\u015bci, uznawanych za poprawne itp. Nasuwa si\u0119 hipoteza, \u017ce w Polsce dzia\u0142aj\u0105 wzorce poprawno\u015bci europejskiej, \u017ce pro-europejskie wyniki sonda\u017cy s\u0105 obci\u0105\u017cone konformizmem badanych i \u017ce zwolennik\u00f3w przyst\u0105pienia Polski do Unii Europejskiej jest mniej ni\u017c sugeruj\u0105 sonda\u017ce. Czerwcowy sonda\u017c OBOP nie tylko zmierzy\u0142 poparcie dla wej\u015bcia Polski do UE, ale tak\u017ce sprawdzi\u0142 te hipotez\u0119.<\/p>\n<div class=\"infopay\">Raport udost\u0119pniany jest bezp\u0142atnie, w us\u0142udze &#8222;udost\u0119pnij aby pobra\u0107&#8221;.<br \/>\n          <b>Na czym to polega?<\/b> Raport b\u0119dzie dost\u0119pny do pobrania w pdf po udost\u0119pnieniu wpisu z linkiem do Archiwum Raport\u00f3w TNS Polska na wybranym serwisie spo\u0142eczno\u015bciowym: Facebooku lub Twitterze.\n          <\/div>\n","protected":false},"excerpt":{"rendered":"<p>W sonda\u017cach prowadzonych przez r\u00f3\u017cne o\u015brodki badania opinii publicznej regularnie bada si\u0119 stosunek spo\u0142ecze\u0144stwa polskiego do przyst\u0105pienia Polski do Unii Europejskiej. Kluczowe pytanie dotyczy g\u0142osowania &#8222;za&#8221; lub &#8222;przeciw&#8221;<\/p>\n","protected":false},"author":1,"featured_media":0,"comment_status":"closed","ping_status":"closed","sticky":false,"template":"","format":"standard","meta":{"ngg_post_thumbnail":0},"categories":[1],"tags":[],"_links":{"self":[{"href":"https:\/\/public.kantarpolska.com\/archiwumraportow\/wp-json\/wp\/v2\/posts\/1155"}],"collection":[{"href":"https:\/\/public.kantarpolska.com\/archiwumraportow\/wp-json\/wp\/v2\/posts"}],"about":[{"href":"https:\/\/public.kantarpolska.com\/archiwumraportow\/wp-json\/wp\/v2\/types\/post"}],"author":[{"embeddable":true,"href":"https:\/\/public.kantarpolska.com\/archiwumraportow\/wp-json\/wp\/v2\/users\/1"}],"replies":[{"embeddable":true,"href":"https:\/\/public.kantarpolska.com\/archiwumraportow\/wp-json\/wp\/v2\/comments?post=1155"}],"version-history":[{"count":0,"href":"https:\/\/public.kantarpolska.com\/archiwumraportow\/wp-json\/wp\/v2\/posts\/1155\/revisions"}],"wp:attachment":[{"href":"https:\/\/public.kantarpolska.com\/archiwumraportow\/wp-json\/wp\/v2\/media?parent=1155"}],"wp:term":[{"taxonomy":"category","embeddable":true,"href":"https:\/\/public.kantarpolska.com\/archiwumraportow\/wp-json\/wp\/v2\/categories?post=1155"},{"taxonomy":"post_tag","embeddable":true,"href":"https:\/\/public.kantarpolska.com\/archiwumraportow\/wp-json\/wp\/v2\/tags?post=1155"}],"curies":[{"name":"wp","href":"https:\/\/api.w.org\/{rel}","templated":true}]}}