
{"id":1150,"date":"2002-06-10T00:00:00","date_gmt":"2002-06-10T00:00:00","guid":{"rendered":"https:\/\/www.tnsglobal.pl\/archiwumraportow\/2002\/06\/10\/preferencje-polakow-w-wyborach-samorzadowych-2002-r-czerwiec\/"},"modified":"2002-06-10T00:00:00","modified_gmt":"2002-06-10T00:00:00","slug":"preferencje-polakow-w-wyborach-samorzadowych-2002-r-czerwiec","status":"publish","type":"post","link":"https:\/\/public.kantarpolska.com\/archiwumraportow\/2002\/06\/10\/preferencje-polakow-w-wyborach-samorzadowych-2002-r-czerwiec\/","title":{"rendered":"Preferencje Polak\u00f3w w wyborach samorz\u0105dowych 2002 r. (czerwiec)"},"content":{"rendered":"<p>Reforma administracyjna wprowadzona w \u017cycie z dniem 1 stycznia 1998 r. skutkowa\u0142a powstaniem nowej struktury administracyjnej kraju. W\u0142a\u015bnie mija kadencja wybranych, po raz pierwszy na mocy wprowadzonego w\u00f3wczas nowego<!--more--> ustroju samorz\u0105dowego, trzech szczebli w\u0142adzy lokalnej. Ju\u017c wkr\u00f3tce odb\u0119dzie si\u0119 g\u0142osowanie, kt\u00f3re stanowi\u0107 b\u0119dzie swoiste podsumowanie i rozliczenie przez mieszka\u0144c\u00f3w w\u00f3wczas wybieranych w\u0142adz.rnZaraz po przyj\u0119ciu przez Senat ustawy o bezpo\u015brednim wyborze w\u00f3jta, burmistrza i prezydenta miasta &#8211; mimo i\u017c proces legislacyjny nie zosta\u0142 jeszcze definitywne zako\u0144czony &#8211; zapytali\u015bmy Polak\u00f3w po raz pierwszy przed zbli\u017caj\u0105cymi si\u0119 wyborami samorz\u0105dowymi na kogo zamierzaj\u0105 g\u0142osowa\u0107 w wyborach do rad gmin, powiat\u00f3w i do sejmik\u00f3w wojew\u00f3dztw. Z badania wy\u0142\u0105czone zosta\u0142y osoby, kt\u00f3re &#8211; mimo ko\u0144czonych w tym roku 18. lat pe\u0142noletno\u015b\u0107 uzyskaj\u0105 dopiero po wyborach.rnrnInicjuj\u0105c cykl bada\u0144 preferencji Polak\u00f3w w wyborach samorz\u0105dowych zdawali\u015bmy sobie spraw\u0119 z ogranicze\u0144 wynikaj\u0105cych z tego typu bada\u0144, bo nie wszyscy wybiera\u0107 b\u0119d\u0105 przecie\u017c przedstawicieli do trzech szczebli w\u0142adzy samorz\u0105dowej; nasze obiekcje budzi\u0142a te\u017c unifikacja listy partii i koalicji przy wszystkich trzech symulacjach typ\u00f3w g\u0142osowa\u0144.rnMimo tych w\u0105tpliwo\u015bci &#8211; zdaj\u0105c sobie spraw\u0119 z ogranicze\u0144 i konieczno\u015bci ostro\u017cnego podej\u015bcia przy wnioskowaniu &#8211; postanowili\u015bmy jednak zapyta\u0107 Polak\u00f3w o preferencje w nadchodz\u0105cych wyborach. Po uzyskanych wynikach spodziewamy si\u0119 otrzyma\u0107 odpowied\u017a na pytania o wielko\u015b\u0107 frekwencji (tak\u017ce w por\u00f3wnaniu z deklaracjami innych, hipotetycznych wybor\u00f3w &#8211; parlamentarnych), si\u0142\u0119 poparcia dla partii i zawi\u0105zywanych &#8211; na potrzeby tych wybor\u00f3w &#8211; koalicji oraz mo\u017cliwo\u015b\u0107 obserwowania zmian w poparciu dla lokalnych ugrupowa\u0144 i koalicji w zale\u017cno\u015bci od stopnia samorz\u0105du i w miar\u0119 zbli\u017cania si\u0119 terminu wybor\u00f3w.<\/p>\n<div class=\"infopay\">Raport udost\u0119pniany jest bezp\u0142atnie, w us\u0142udze &#8222;udost\u0119pnij aby pobra\u0107&#8221;.<br \/>\n          <b>Na czym to polega?<\/b> Raport b\u0119dzie dost\u0119pny do pobrania w pdf po udost\u0119pnieniu wpisu z linkiem do Archiwum Raport\u00f3w TNS Polska na wybranym serwisie spo\u0142eczno\u015bciowym: Facebooku lub Twitterze.\n          <\/div>\n","protected":false},"excerpt":{"rendered":"<p>Reforma administracyjna wprowadzona w \u017cycie z dniem 1 stycznia 1998 r. skutkowa\u0142a powstaniem nowej struktury administracyjnej kraju. W\u0142a\u015bnie mija kadencja wybranych, po raz pierwszy na mocy wprowadzonego w\u00f3wczas nowego<\/p>\n","protected":false},"author":1,"featured_media":0,"comment_status":"closed","ping_status":"closed","sticky":false,"template":"","format":"standard","meta":{"ngg_post_thumbnail":0},"categories":[1],"tags":[],"_links":{"self":[{"href":"https:\/\/public.kantarpolska.com\/archiwumraportow\/wp-json\/wp\/v2\/posts\/1150"}],"collection":[{"href":"https:\/\/public.kantarpolska.com\/archiwumraportow\/wp-json\/wp\/v2\/posts"}],"about":[{"href":"https:\/\/public.kantarpolska.com\/archiwumraportow\/wp-json\/wp\/v2\/types\/post"}],"author":[{"embeddable":true,"href":"https:\/\/public.kantarpolska.com\/archiwumraportow\/wp-json\/wp\/v2\/users\/1"}],"replies":[{"embeddable":true,"href":"https:\/\/public.kantarpolska.com\/archiwumraportow\/wp-json\/wp\/v2\/comments?post=1150"}],"version-history":[{"count":0,"href":"https:\/\/public.kantarpolska.com\/archiwumraportow\/wp-json\/wp\/v2\/posts\/1150\/revisions"}],"wp:attachment":[{"href":"https:\/\/public.kantarpolska.com\/archiwumraportow\/wp-json\/wp\/v2\/media?parent=1150"}],"wp:term":[{"taxonomy":"category","embeddable":true,"href":"https:\/\/public.kantarpolska.com\/archiwumraportow\/wp-json\/wp\/v2\/categories?post=1150"},{"taxonomy":"post_tag","embeddable":true,"href":"https:\/\/public.kantarpolska.com\/archiwumraportow\/wp-json\/wp\/v2\/tags?post=1150"}],"curies":[{"name":"wp","href":"https:\/\/api.w.org\/{rel}","templated":true}]}}