
{"id":1148,"date":"2002-06-10T00:00:00","date_gmt":"2002-06-10T00:00:00","guid":{"rendered":"https:\/\/www.tnsglobal.pl\/archiwumraportow\/2002\/06\/10\/preferencje-partyjne-w-pierwszej-polowie-czerwca-2002-r\/"},"modified":"2002-06-10T00:00:00","modified_gmt":"2002-06-10T00:00:00","slug":"preferencje-partyjne-w-pierwszej-polowie-czerwca-2002-r","status":"publish","type":"post","link":"https:\/\/public.kantarpolska.com\/archiwumraportow\/2002\/06\/10\/preferencje-partyjne-w-pierwszej-polowie-czerwca-2002-r\/","title":{"rendered":"Preferencje partyjne w pierwszej po\u0142owie czerwca 2002 r."},"content":{"rendered":"<p>W drugi weekend czerwca, kiedy obradowa\u0142y Rada Krajowa SLD oraz Samoobrony, odbywa\u0142 si\u0119 kongres SD i konwencja PO, a zaraz po tym gdy Andrzej Lepper wraz z innymi dzia\u0142aczami<!--more--> Samoobrony wysypywa\u0142 na tory transport importowanego zbo\u017ca, przeprowadzili\u015bmy badanie dotycz\u0105ce preferencji partyjnych Polak\u00f3w.rnW najnowszym sonda\u017cu, opr\u00f3cz aktualnych sympatii wyborczych, dodatkowo zapytali\u015bmy jeszcze Polak\u00f3w na jakie partie g\u0142osowaliby, gdyby preferowana przez nich formacja nie startowa\u0142a w wyborach oraz na kt\u00f3re na pewno w wyborach by nie zag\u0142osowali.<\/p>\n<div class=\"infopay\">Raport udost\u0119pniany jest bezp\u0142atnie, w us\u0142udze &#8222;udost\u0119pnij aby pobra\u0107&#8221;.<br \/>\n          <b>Na czym to polega?<\/b> Raport b\u0119dzie dost\u0119pny do pobrania w pdf po udost\u0119pnieniu wpisu z linkiem do Archiwum Raport\u00f3w TNS Polska na wybranym serwisie spo\u0142eczno\u015bciowym: Facebooku lub Twitterze.\n          <\/div>\n","protected":false},"excerpt":{"rendered":"<p>W drugi weekend czerwca, kiedy obradowa\u0142y Rada Krajowa SLD oraz Samoobrony, odbywa\u0142 si\u0119 kongres SD i konwencja PO, a zaraz po tym gdy Andrzej Lepper wraz z innymi dzia\u0142aczami<\/p>\n","protected":false},"author":1,"featured_media":0,"comment_status":"closed","ping_status":"closed","sticky":false,"template":"","format":"standard","meta":{"ngg_post_thumbnail":0},"categories":[1],"tags":[],"_links":{"self":[{"href":"https:\/\/public.kantarpolska.com\/archiwumraportow\/wp-json\/wp\/v2\/posts\/1148"}],"collection":[{"href":"https:\/\/public.kantarpolska.com\/archiwumraportow\/wp-json\/wp\/v2\/posts"}],"about":[{"href":"https:\/\/public.kantarpolska.com\/archiwumraportow\/wp-json\/wp\/v2\/types\/post"}],"author":[{"embeddable":true,"href":"https:\/\/public.kantarpolska.com\/archiwumraportow\/wp-json\/wp\/v2\/users\/1"}],"replies":[{"embeddable":true,"href":"https:\/\/public.kantarpolska.com\/archiwumraportow\/wp-json\/wp\/v2\/comments?post=1148"}],"version-history":[{"count":0,"href":"https:\/\/public.kantarpolska.com\/archiwumraportow\/wp-json\/wp\/v2\/posts\/1148\/revisions"}],"wp:attachment":[{"href":"https:\/\/public.kantarpolska.com\/archiwumraportow\/wp-json\/wp\/v2\/media?parent=1148"}],"wp:term":[{"taxonomy":"category","embeddable":true,"href":"https:\/\/public.kantarpolska.com\/archiwumraportow\/wp-json\/wp\/v2\/categories?post=1148"},{"taxonomy":"post_tag","embeddable":true,"href":"https:\/\/public.kantarpolska.com\/archiwumraportow\/wp-json\/wp\/v2\/tags?post=1148"}],"curies":[{"name":"wp","href":"https:\/\/api.w.org\/{rel}","templated":true}]}}