
{"id":1146,"date":"2002-05-12T00:00:00","date_gmt":"2002-05-12T00:00:00","guid":{"rendered":"https:\/\/www.tnsglobal.pl\/archiwumraportow\/2002\/05\/12\/polacy-o-negocjacjach-akcesyjnych-z-ue-i-o-nastepstwach-wejscia-do-unii\/"},"modified":"2002-05-12T00:00:00","modified_gmt":"2002-05-12T00:00:00","slug":"polacy-o-negocjacjach-akcesyjnych-z-ue-i-o-nastepstwach-wejscia-do-unii","status":"publish","type":"post","link":"https:\/\/public.kantarpolska.com\/archiwumraportow\/2002\/05\/12\/polacy-o-negocjacjach-akcesyjnych-z-ue-i-o-nastepstwach-wejscia-do-unii\/","title":{"rendered":"Polacy o negocjacjach akcesyjnych z UE i o nast\u0119pstwach wej\u015bcia do Unii"},"content":{"rendered":"<p>Komunikat przedstawia drug\u0105 cz\u0119\u015b\u0107 badania opinii publicznej zrealizowanego w pierwszej po\u0142owie maja przez TNS OBOP dla Urz\u0119du Komitetu Integracji Europejskiej. Badanie realizowane by\u0142o tu\u017c po rozpocz\u0119ciu 9 maja rz\u0105dowej<!--more--> kampanii informacyjnej o UE. Prezentowane tu wyniki pokazuj\u0105 opinie Polak\u00f3w o porozumieniu elit politycznych i og\u00f3\u0142u spo\u0142ecze\u0144stwa w kwestii cz\u0142onkostwa, spo\u0142eczny odbi\u00f3r negocjacji oraz przewidywane nast\u0119pstwa wej\u015bcia do Unii w r\u00f3\u017cnych wymiarach \u017cycia spo\u0142ecznego, jak r\u00f3wnie\u017c w wymiarze indywidualnym.<\/p>\n<div class=\"infopay\">Raport udost\u0119pniany jest bezp\u0142atnie, w us\u0142udze &#8222;udost\u0119pnij aby pobra\u0107&#8221;.<br \/>\n          <b>Na czym to polega?<\/b> Raport b\u0119dzie dost\u0119pny do pobrania w pdf po udost\u0119pnieniu wpisu z linkiem do Archiwum Raport\u00f3w TNS Polska na wybranym serwisie spo\u0142eczno\u015bciowym: Facebooku lub Twitterze.\n          <\/div>\n","protected":false},"excerpt":{"rendered":"<p>Komunikat przedstawia drug\u0105 cz\u0119\u015b\u0107 badania opinii publicznej zrealizowanego w pierwszej po\u0142owie maja przez TNS OBOP dla Urz\u0119du Komitetu Integracji Europejskiej. Badanie realizowane by\u0142o tu\u017c po rozpocz\u0119ciu 9 maja rz\u0105dowej<\/p>\n","protected":false},"author":1,"featured_media":0,"comment_status":"closed","ping_status":"closed","sticky":false,"template":"","format":"standard","meta":{"ngg_post_thumbnail":0},"categories":[1],"tags":[],"_links":{"self":[{"href":"https:\/\/public.kantarpolska.com\/archiwumraportow\/wp-json\/wp\/v2\/posts\/1146"}],"collection":[{"href":"https:\/\/public.kantarpolska.com\/archiwumraportow\/wp-json\/wp\/v2\/posts"}],"about":[{"href":"https:\/\/public.kantarpolska.com\/archiwumraportow\/wp-json\/wp\/v2\/types\/post"}],"author":[{"embeddable":true,"href":"https:\/\/public.kantarpolska.com\/archiwumraportow\/wp-json\/wp\/v2\/users\/1"}],"replies":[{"embeddable":true,"href":"https:\/\/public.kantarpolska.com\/archiwumraportow\/wp-json\/wp\/v2\/comments?post=1146"}],"version-history":[{"count":0,"href":"https:\/\/public.kantarpolska.com\/archiwumraportow\/wp-json\/wp\/v2\/posts\/1146\/revisions"}],"wp:attachment":[{"href":"https:\/\/public.kantarpolska.com\/archiwumraportow\/wp-json\/wp\/v2\/media?parent=1146"}],"wp:term":[{"taxonomy":"category","embeddable":true,"href":"https:\/\/public.kantarpolska.com\/archiwumraportow\/wp-json\/wp\/v2\/categories?post=1146"},{"taxonomy":"post_tag","embeddable":true,"href":"https:\/\/public.kantarpolska.com\/archiwumraportow\/wp-json\/wp\/v2\/tags?post=1146"}],"curies":[{"name":"wp","href":"https:\/\/api.w.org\/{rel}","templated":true}]}}