
{"id":1145,"date":"2002-05-12T00:00:00","date_gmt":"2002-05-12T00:00:00","guid":{"rendered":"https:\/\/www.tnsglobal.pl\/archiwumraportow\/2002\/05\/12\/o-spolecznym-poparciu-dla-czlonkostwa-polski-w-ue-oraz-przeplywie-informacji-na-ten-temat\/"},"modified":"2002-05-12T00:00:00","modified_gmt":"2002-05-12T00:00:00","slug":"o-spolecznym-poparciu-dla-czlonkostwa-polski-w-ue-oraz-przeplywie-informacji-na-ten-temat","status":"publish","type":"post","link":"https:\/\/public.kantarpolska.com\/archiwumraportow\/2002\/05\/12\/o-spolecznym-poparciu-dla-czlonkostwa-polski-w-ue-oraz-przeplywie-informacji-na-ten-temat\/","title":{"rendered":"O spo\u0142ecznym poparciu dla cz\u0142onkostwa Polski w UE oraz przep\u0142ywie informacji na ten temat"},"content":{"rendered":"<p>W pierwszej po\u0142owie maja, tu\u017c po rozpocz\u0119ciu &#8211; 9 maja &#8211; rz\u0105dowej kampanii informacyjnej o Unii Europejskiej, w czasie odbywaj\u0105cych si\u0119 spotka\u0144 europejskich, kiedy w mediach by\u0142o<!--more--> bardzo du\u017co informacji oraz wypowiedzi polityk\u00f3w o cz\u0142onkostwie Polski w UE, zrealizowany zosta\u0142 &#8211; na zlecenie Urz\u0119du Komitetu Integracji Europejskiej &#8211; sonda\u017c TNS OBOP. Niniejszy komunikat, prezentuj\u0105cy pierwsz\u0105 cz\u0119\u015b\u0107 badania, pokazuje jakie jest spo\u0142eczne poparcie dla integracji, jakie \u017ar\u00f3d\u0142a informacji i opinii maj\u0105 wp\u0142yw na decyzj\u0119 o sposobie g\u0142osowania i jakie s\u0105 motywy niech\u0119ci do uczestnictwa w referendum akcesyjnym. Przedstawiony zosta\u0142 r\u00f3wnie\u017c obraz dyskursu spo\u0142ecznego o cz\u0142onkostwie naszego kraju w Unii &#8211; ilu Polak\u00f3w rozmawia prywatnie na ten temat i jakie sprawy poruszane s\u0105 w tych rozmowach. Komunikat obejmuje tak\u017ce kwestie po\u017c\u0105danych przez Polak\u00f3w informacji o cz\u0142onkostwie w Unii i preferowanego \u017ar\u00f3d\u0142a, z jakiego chcieliby je uzyska\u0107.<\/p>\n<div class=\"infopay\">Raport udost\u0119pniany jest bezp\u0142atnie, w us\u0142udze &#8222;udost\u0119pnij aby pobra\u0107&#8221;.<br \/>\n          <b>Na czym to polega?<\/b> Raport b\u0119dzie dost\u0119pny do pobrania w pdf po udost\u0119pnieniu wpisu z linkiem do Archiwum Raport\u00f3w TNS Polska na wybranym serwisie spo\u0142eczno\u015bciowym: Facebooku lub Twitterze.\n          <\/div>\n","protected":false},"excerpt":{"rendered":"<p>W pierwszej po\u0142owie maja, tu\u017c po rozpocz\u0119ciu &#8211; 9 maja &#8211; rz\u0105dowej kampanii informacyjnej o Unii Europejskiej, w czasie odbywaj\u0105cych si\u0119 spotka\u0144 europejskich, kiedy w mediach by\u0142o<\/p>\n","protected":false},"author":1,"featured_media":0,"comment_status":"closed","ping_status":"closed","sticky":false,"template":"","format":"standard","meta":{"ngg_post_thumbnail":0},"categories":[1],"tags":[],"_links":{"self":[{"href":"https:\/\/public.kantarpolska.com\/archiwumraportow\/wp-json\/wp\/v2\/posts\/1145"}],"collection":[{"href":"https:\/\/public.kantarpolska.com\/archiwumraportow\/wp-json\/wp\/v2\/posts"}],"about":[{"href":"https:\/\/public.kantarpolska.com\/archiwumraportow\/wp-json\/wp\/v2\/types\/post"}],"author":[{"embeddable":true,"href":"https:\/\/public.kantarpolska.com\/archiwumraportow\/wp-json\/wp\/v2\/users\/1"}],"replies":[{"embeddable":true,"href":"https:\/\/public.kantarpolska.com\/archiwumraportow\/wp-json\/wp\/v2\/comments?post=1145"}],"version-history":[{"count":0,"href":"https:\/\/public.kantarpolska.com\/archiwumraportow\/wp-json\/wp\/v2\/posts\/1145\/revisions"}],"wp:attachment":[{"href":"https:\/\/public.kantarpolska.com\/archiwumraportow\/wp-json\/wp\/v2\/media?parent=1145"}],"wp:term":[{"taxonomy":"category","embeddable":true,"href":"https:\/\/public.kantarpolska.com\/archiwumraportow\/wp-json\/wp\/v2\/categories?post=1145"},{"taxonomy":"post_tag","embeddable":true,"href":"https:\/\/public.kantarpolska.com\/archiwumraportow\/wp-json\/wp\/v2\/tags?post=1145"}],"curies":[{"name":"wp","href":"https:\/\/api.w.org\/{rel}","templated":true}]}}