
{"id":1144,"date":"2002-05-27T00:00:00","date_gmt":"2002-05-27T00:00:00","guid":{"rendered":"https:\/\/www.tnsglobal.pl\/archiwumraportow\/2002\/05\/27\/preferencje-partyjne-polakow-pod-koniec-maja-2002-r\/"},"modified":"2002-05-27T00:00:00","modified_gmt":"2002-05-27T00:00:00","slug":"preferencje-partyjne-polakow-pod-koniec-maja-2002-r","status":"publish","type":"post","link":"https:\/\/public.kantarpolska.com\/archiwumraportow\/2002\/05\/27\/preferencje-partyjne-polakow-pod-koniec-maja-2002-r\/","title":{"rendered":"Preferencje partyjne Polak\u00f3w pod koniec maja 2002 r."},"content":{"rendered":"<p>Poparcie Polak\u00f3w dla partii politycznych by\u0142o przedmiotem naszego najnowszego badania na ten temat przeprowadzonego w ostatni weekend maja. W okresie bezpo\u015brednio poprzedzaj\u0105cym nasz sonda\u017c mia\u0142o miejsce kilka wydarze\u0144,<!--more--> kt\u00f3re mog\u0142y mie\u0107 wp\u0142yw na deklaracje potencjalnych wyborc\u00f3w. Do opinii publicznej dotar\u0142y informacje o sytuacji Stoczni Szczeci\u0144skiej, Sejm uchwali\u0142 ustaw\u0119 o bezpo\u015brednich wyborach w\u00f3jt\u00f3w, burmistrz\u00f3w i prezydent\u00f3w miast, kontrowersje budzi\u0142a debata nad zmian\u0105 ustawy o NBP, odwo\u0142ana zosta\u0142a &#8211; w zwi\u0105zku z ci\u0105\u017c\u0105cymi zarzutami i niestawianiem si\u0119 na rozprawach &#8211; z funkcji wiceszefa sejmowej Komisji Sprawiedliwo\u015bci pos\u0142anka Samoobrony Danuta Hojarska, a w weekend, gdy przeprowadzali\u015bmy badanie odbywa\u0142 si\u0119 kongres OPZZ, na kt\u00f3rym go\u015bci\u0142 premier Leszek Miller. Porozumienie o wsp\u00f3\u0142pracy w wyborach samorz\u0105dowych zawar\u0142y PO i PiS, zaraz potem (ju\u017c w czasie trwania realizacji badania) gotowo\u015b\u0107 wsp\u00f3lnego startu zapowiedzia\u0142y te\u017c UW, RS i SKL-RNP, ich apel o wsp\u00f3lny start w wyborach, skierowany do PO i PiS, zosta\u0142 przyj\u0119ty ch\u0142odno.<\/p>\n<div class=\"infopay\">Raport udost\u0119pniany jest bezp\u0142atnie, w us\u0142udze &#8222;udost\u0119pnij aby pobra\u0107&#8221;.<br \/>\n          <b>Na czym to polega?<\/b> Raport b\u0119dzie dost\u0119pny do pobrania w pdf po udost\u0119pnieniu wpisu z linkiem do Archiwum Raport\u00f3w TNS Polska na wybranym serwisie spo\u0142eczno\u015bciowym: Facebooku lub Twitterze.\n          <\/div>\n","protected":false},"excerpt":{"rendered":"<p>Poparcie Polak\u00f3w dla partii politycznych by\u0142o przedmiotem naszego najnowszego badania na ten temat przeprowadzonego w ostatni weekend maja. W okresie bezpo\u015brednio poprzedzaj\u0105cym nasz sonda\u017c mia\u0142o miejsce kilka wydarze\u0144,<\/p>\n","protected":false},"author":1,"featured_media":0,"comment_status":"closed","ping_status":"closed","sticky":false,"template":"","format":"standard","meta":{"ngg_post_thumbnail":0},"categories":[1],"tags":[],"_links":{"self":[{"href":"https:\/\/public.kantarpolska.com\/archiwumraportow\/wp-json\/wp\/v2\/posts\/1144"}],"collection":[{"href":"https:\/\/public.kantarpolska.com\/archiwumraportow\/wp-json\/wp\/v2\/posts"}],"about":[{"href":"https:\/\/public.kantarpolska.com\/archiwumraportow\/wp-json\/wp\/v2\/types\/post"}],"author":[{"embeddable":true,"href":"https:\/\/public.kantarpolska.com\/archiwumraportow\/wp-json\/wp\/v2\/users\/1"}],"replies":[{"embeddable":true,"href":"https:\/\/public.kantarpolska.com\/archiwumraportow\/wp-json\/wp\/v2\/comments?post=1144"}],"version-history":[{"count":0,"href":"https:\/\/public.kantarpolska.com\/archiwumraportow\/wp-json\/wp\/v2\/posts\/1144\/revisions"}],"wp:attachment":[{"href":"https:\/\/public.kantarpolska.com\/archiwumraportow\/wp-json\/wp\/v2\/media?parent=1144"}],"wp:term":[{"taxonomy":"category","embeddable":true,"href":"https:\/\/public.kantarpolska.com\/archiwumraportow\/wp-json\/wp\/v2\/categories?post=1144"},{"taxonomy":"post_tag","embeddable":true,"href":"https:\/\/public.kantarpolska.com\/archiwumraportow\/wp-json\/wp\/v2\/tags?post=1144"}],"curies":[{"name":"wp","href":"https:\/\/api.w.org\/{rel}","templated":true}]}}