
{"id":1138,"date":"2002-05-12T00:00:00","date_gmt":"2002-05-12T00:00:00","guid":{"rendered":"https:\/\/www.tnsglobal.pl\/archiwumraportow\/2002\/05\/12\/jak-sie-swiecil-3-maja\/"},"modified":"2002-05-12T00:00:00","modified_gmt":"2002-05-12T00:00:00","slug":"jak-sie-swiecil-3-maja","status":"publish","type":"post","link":"https:\/\/public.kantarpolska.com\/archiwumraportow\/2002\/05\/12\/jak-sie-swiecil-3-maja\/","title":{"rendered":"Jak si\u0119 \u015bwi\u0119ci\u0142 3 Maja"},"content":{"rendered":"<p>Dzie\u0144 3 Maja jest w III Rzeczypospolitej \u015bwi\u0119tem pa\u0144stwowym i dniem wolnym od pracy. W sonda\u017cu zrealizowanym tydzie\u0144 po tym \u015bwi\u0119cie TNS OBOP zapyta\u0142 Polak\u00f3w jak<!--more--> \u015bwi\u0119towali oni 3 Maja: czy wywiesili flag\u0119, ogl\u0105dali w telewizji transmisj\u0119 uroczysto\u015bci pa\u0144stwowych w Warszawie, odwiedzali miejsca pami\u0119ci narodowej, byli na mszy \u015bw. w ko\u015bciele. Sonda\u017c pokaza\u0142 nie tylko jak Polacy uczcili 3 Maja, ujawni\u0142 r\u00f3wnie\u017c spo\u0142eczne poczucie, i\u017c dzie\u0144 ten \u015bwi\u0119towa\u0107 nale\u017cy i wypada.<\/p>\n<div class=\"infopay\">Raport udost\u0119pniany jest bezp\u0142atnie, w us\u0142udze &#8222;udost\u0119pnij aby pobra\u0107&#8221;.<br \/>\n          <b>Na czym to polega?<\/b> Raport b\u0119dzie dost\u0119pny do pobrania w pdf po udost\u0119pnieniu wpisu z linkiem do Archiwum Raport\u00f3w TNS Polska na wybranym serwisie spo\u0142eczno\u015bciowym: Facebooku lub Twitterze.\n          <\/div>\n","protected":false},"excerpt":{"rendered":"<p>Dzie\u0144 3 Maja jest w III Rzeczypospolitej \u015bwi\u0119tem pa\u0144stwowym i dniem wolnym od pracy. W sonda\u017cu zrealizowanym tydzie\u0144 po tym \u015bwi\u0119cie TNS OBOP zapyta\u0142 Polak\u00f3w jak<\/p>\n","protected":false},"author":1,"featured_media":0,"comment_status":"closed","ping_status":"closed","sticky":false,"template":"","format":"standard","meta":{"ngg_post_thumbnail":0},"categories":[1],"tags":[],"_links":{"self":[{"href":"https:\/\/public.kantarpolska.com\/archiwumraportow\/wp-json\/wp\/v2\/posts\/1138"}],"collection":[{"href":"https:\/\/public.kantarpolska.com\/archiwumraportow\/wp-json\/wp\/v2\/posts"}],"about":[{"href":"https:\/\/public.kantarpolska.com\/archiwumraportow\/wp-json\/wp\/v2\/types\/post"}],"author":[{"embeddable":true,"href":"https:\/\/public.kantarpolska.com\/archiwumraportow\/wp-json\/wp\/v2\/users\/1"}],"replies":[{"embeddable":true,"href":"https:\/\/public.kantarpolska.com\/archiwumraportow\/wp-json\/wp\/v2\/comments?post=1138"}],"version-history":[{"count":0,"href":"https:\/\/public.kantarpolska.com\/archiwumraportow\/wp-json\/wp\/v2\/posts\/1138\/revisions"}],"wp:attachment":[{"href":"https:\/\/public.kantarpolska.com\/archiwumraportow\/wp-json\/wp\/v2\/media?parent=1138"}],"wp:term":[{"taxonomy":"category","embeddable":true,"href":"https:\/\/public.kantarpolska.com\/archiwumraportow\/wp-json\/wp\/v2\/categories?post=1138"},{"taxonomy":"post_tag","embeddable":true,"href":"https:\/\/public.kantarpolska.com\/archiwumraportow\/wp-json\/wp\/v2\/tags?post=1138"}],"curies":[{"name":"wp","href":"https:\/\/api.w.org\/{rel}","templated":true}]}}