
{"id":1133,"date":"2002-04-08T00:00:00","date_gmt":"2002-04-08T00:00:00","guid":{"rendered":"https:\/\/www.tnsglobal.pl\/archiwumraportow\/2002\/04\/08\/polacy-o-wejsciu-do-unii-europejskiej-kwiecien-2002-r\/"},"modified":"2002-04-08T00:00:00","modified_gmt":"2002-04-08T00:00:00","slug":"polacy-o-wejsciu-do-unii-europejskiej-kwiecien-2002-r","status":"publish","type":"post","link":"https:\/\/public.kantarpolska.com\/archiwumraportow\/2002\/04\/08\/polacy-o-wejsciu-do-unii-europejskiej-kwiecien-2002-r\/","title":{"rendered":"Polacy o wej\u015bciu do Unii Europejskiej &#8211; kwiecie\u0144 2002 r."},"content":{"rendered":"<p>Kwietniowy Euro-Track, czyli comiesi\u0119czny monitoring poparcia dla cz\u0142onkostwa Polski w Unii Europejskiej TNS OBOP, pokazuje wyniki sonda\u017cu na temat poczucia poinformowania naszego spo\u0142ecze\u0144stwa o wej\u015bciu Polski do UE, zainteresowania<!--more--> g\u0142osowaniem w referendum akcesyjnym oraz stopnia poparcia dla integracji. Ostatnie wyniki zestawiono z danymi z wcze\u015bniejszych bada\u0144. W komunikacie pokazano jak wa\u017cne jest poczucie poinformowania o wej\u015bciu do Unii dla zamiaru uczestnictwa i sposobu g\u0142osowania w referendum.<\/p>\n<div class=\"infopay\">Raport udost\u0119pniany jest bezp\u0142atnie, w us\u0142udze &#8222;udost\u0119pnij aby pobra\u0107&#8221;.<br \/>\n          <b>Na czym to polega?<\/b> Raport b\u0119dzie dost\u0119pny do pobrania w pdf po udost\u0119pnieniu wpisu z linkiem do Archiwum Raport\u00f3w TNS Polska na wybranym serwisie spo\u0142eczno\u015bciowym: Facebooku lub Twitterze.\n          <\/div>\n","protected":false},"excerpt":{"rendered":"<p>Kwietniowy Euro-Track, czyli comiesi\u0119czny monitoring poparcia dla cz\u0142onkostwa Polski w Unii Europejskiej TNS OBOP, pokazuje wyniki sonda\u017cu na temat poczucia poinformowania naszego spo\u0142ecze\u0144stwa o wej\u015bciu Polski do UE, zainteresowania<\/p>\n","protected":false},"author":1,"featured_media":0,"comment_status":"closed","ping_status":"closed","sticky":false,"template":"","format":"standard","meta":{"ngg_post_thumbnail":0},"categories":[1],"tags":[],"_links":{"self":[{"href":"https:\/\/public.kantarpolska.com\/archiwumraportow\/wp-json\/wp\/v2\/posts\/1133"}],"collection":[{"href":"https:\/\/public.kantarpolska.com\/archiwumraportow\/wp-json\/wp\/v2\/posts"}],"about":[{"href":"https:\/\/public.kantarpolska.com\/archiwumraportow\/wp-json\/wp\/v2\/types\/post"}],"author":[{"embeddable":true,"href":"https:\/\/public.kantarpolska.com\/archiwumraportow\/wp-json\/wp\/v2\/users\/1"}],"replies":[{"embeddable":true,"href":"https:\/\/public.kantarpolska.com\/archiwumraportow\/wp-json\/wp\/v2\/comments?post=1133"}],"version-history":[{"count":0,"href":"https:\/\/public.kantarpolska.com\/archiwumraportow\/wp-json\/wp\/v2\/posts\/1133\/revisions"}],"wp:attachment":[{"href":"https:\/\/public.kantarpolska.com\/archiwumraportow\/wp-json\/wp\/v2\/media?parent=1133"}],"wp:term":[{"taxonomy":"category","embeddable":true,"href":"https:\/\/public.kantarpolska.com\/archiwumraportow\/wp-json\/wp\/v2\/categories?post=1133"},{"taxonomy":"post_tag","embeddable":true,"href":"https:\/\/public.kantarpolska.com\/archiwumraportow\/wp-json\/wp\/v2\/tags?post=1133"}],"curies":[{"name":"wp","href":"https:\/\/api.w.org\/{rel}","templated":true}]}}