
{"id":1108,"date":"2002-03-11T00:00:00","date_gmt":"2002-03-11T00:00:00","guid":{"rendered":"https:\/\/www.tnsglobal.pl\/archiwumraportow\/2002\/03\/11\/zaufanie-do-mediow\/"},"modified":"2002-03-11T00:00:00","modified_gmt":"2002-03-11T00:00:00","slug":"zaufanie-do-mediow","status":"publish","type":"post","link":"https:\/\/public.kantarpolska.com\/archiwumraportow\/2002\/03\/11\/zaufanie-do-mediow\/","title":{"rendered":"Zaufanie do medi\u00f3w"},"content":{"rendered":"<p>Zaufanie Polak\u00f3w do r\u00f3\u017cnych instytucji i organizacji by\u0142o przedmiotem naszego marcowego sonda\u017cu. Przedstawione do tej pory wyniki pochodz\u0105ce z tego badania dotyczy\u0142y instytucji w\u0142adzy oraz zwi\u0105zk\u00f3w zawodowych. Teraz postanowili\u015bmy<!--more--> przyjrze\u0107 si\u0119 opiniom Polak\u00f3w na temat medi\u00f3w. Badani proszeni byli o ustosunkowanie si\u0119 do obu nadawc\u00f3w publicznych: Telewizji Polskiej S.A. i Polskiego Radia S.A., do nadawc\u00f3w prywatnych: prywatnych stacji telewizyjnych i radiowych rozg\u0142o\u015bni komercyjnych oraz do prasy. Niew\u0105tpliwie uzyskiwane wyniki by\u0142yby r\u00f3\u017cne  &#8211; w przypadku ka\u017cdego rodzaju medium &#8211; gdyby pyta\u0107 nie og\u00f3lnie, a szczeg\u00f3\u0142owo o konkretne podmioty dzia\u0142aj\u0105ce na tych rynkach; tym razem jednak zale\u017ca\u0142o nam przede wszystkim na oszacowaniu w\u0142a\u015bnie og\u00f3lnego stosunku Polak\u00f3w do poszczeg\u00f3lnych typ\u00f3w \u015brodk\u00f3w przekazu i weryfikacji czy &#8211; i je\u015bli tak, to jak &#8211; stosunek ten zmienia si\u0119 w czasie.<\/p>\n<div class=\"infopay\">Raport udost\u0119pniany jest bezp\u0142atnie, w us\u0142udze &#8222;udost\u0119pnij aby pobra\u0107&#8221;.<br \/>\n          <b>Na czym to polega?<\/b> Raport b\u0119dzie dost\u0119pny do pobrania w pdf po udost\u0119pnieniu wpisu z linkiem do Archiwum Raport\u00f3w TNS Polska na wybranym serwisie spo\u0142eczno\u015bciowym: Facebooku lub Twitterze.\n          <\/div>\n","protected":false},"excerpt":{"rendered":"<p>Zaufanie Polak\u00f3w do r\u00f3\u017cnych instytucji i organizacji by\u0142o przedmiotem naszego marcowego sonda\u017cu. Przedstawione do tej pory wyniki pochodz\u0105ce z tego badania dotyczy\u0142y instytucji w\u0142adzy oraz zwi\u0105zk\u00f3w zawodowych. Teraz postanowili\u015bmy<\/p>\n","protected":false},"author":1,"featured_media":0,"comment_status":"closed","ping_status":"closed","sticky":false,"template":"","format":"standard","meta":{"ngg_post_thumbnail":0},"categories":[1],"tags":[],"_links":{"self":[{"href":"https:\/\/public.kantarpolska.com\/archiwumraportow\/wp-json\/wp\/v2\/posts\/1108"}],"collection":[{"href":"https:\/\/public.kantarpolska.com\/archiwumraportow\/wp-json\/wp\/v2\/posts"}],"about":[{"href":"https:\/\/public.kantarpolska.com\/archiwumraportow\/wp-json\/wp\/v2\/types\/post"}],"author":[{"embeddable":true,"href":"https:\/\/public.kantarpolska.com\/archiwumraportow\/wp-json\/wp\/v2\/users\/1"}],"replies":[{"embeddable":true,"href":"https:\/\/public.kantarpolska.com\/archiwumraportow\/wp-json\/wp\/v2\/comments?post=1108"}],"version-history":[{"count":0,"href":"https:\/\/public.kantarpolska.com\/archiwumraportow\/wp-json\/wp\/v2\/posts\/1108\/revisions"}],"wp:attachment":[{"href":"https:\/\/public.kantarpolska.com\/archiwumraportow\/wp-json\/wp\/v2\/media?parent=1108"}],"wp:term":[{"taxonomy":"category","embeddable":true,"href":"https:\/\/public.kantarpolska.com\/archiwumraportow\/wp-json\/wp\/v2\/categories?post=1108"},{"taxonomy":"post_tag","embeddable":true,"href":"https:\/\/public.kantarpolska.com\/archiwumraportow\/wp-json\/wp\/v2\/tags?post=1108"}],"curies":[{"name":"wp","href":"https:\/\/api.w.org\/{rel}","templated":true}]}}