
{"id":1105,"date":"2002-03-11T00:00:00","date_gmt":"2002-03-11T00:00:00","guid":{"rendered":"https:\/\/www.tnsglobal.pl\/archiwumraportow\/2002\/03\/11\/poparcie-dla-czlonkostwa-polski-w-unii-europejskiej-w-pierwszej-polowie-marca-2002\/"},"modified":"2002-03-11T00:00:00","modified_gmt":"2002-03-11T00:00:00","slug":"poparcie-dla-czlonkostwa-polski-w-unii-europejskiej-w-pierwszej-polowie-marca-2002","status":"publish","type":"post","link":"https:\/\/public.kantarpolska.com\/archiwumraportow\/2002\/03\/11\/poparcie-dla-czlonkostwa-polski-w-unii-europejskiej-w-pierwszej-polowie-marca-2002\/","title":{"rendered":"Poparcie dla cz\u0142onkostwa Polski w Unii Europejskiej w pierwszej po\u0142owie marca 2002"},"content":{"rendered":"<p>W ramach comiesi\u0119cznego monitoringu spo\u0142ecznego poparcia dla cz\u0142onkostwa Polski w Unii Europejskiej &#8211; Euro-Track &#8211; w pierwszej po\u0142owie marca TNS OBOP zapyta\u0142 Polak\u00f3w o sprawy integracji z<!--more--> UE: poczucie poinformowania o procesie, zamiar g\u0142osowania w referendum akcesyjnym oraz spos\u00f3b g\u0142osowania w nim. Uzyskane wyniki zestawiono z danymi z wcze\u015bniejszych pomiar\u00f3w. W komunikacie pokazano stopie\u0144 poparcia dla polskiego cz\u0142onkostwa w Unii zar\u00f3wno w\u015br\u00f3d os\u00f3b, kt\u00f3re maj\u0105 zamiar wzi\u0105\u0107 udzia\u0142 w referendum akcesyjnym, jak i w\u015br\u00f3d og\u00f3\u0142u pe\u0142noletnich Polak\u00f3w.<\/p>\n<div class=\"infopay\">Raport udost\u0119pniany jest bezp\u0142atnie, w us\u0142udze &#8222;udost\u0119pnij aby pobra\u0107&#8221;.<br \/>\n          <b>Na czym to polega?<\/b> Raport b\u0119dzie dost\u0119pny do pobrania w pdf po udost\u0119pnieniu wpisu z linkiem do Archiwum Raport\u00f3w TNS Polska na wybranym serwisie spo\u0142eczno\u015bciowym: Facebooku lub Twitterze.\n          <\/div>\n","protected":false},"excerpt":{"rendered":"<p>W ramach comiesi\u0119cznego monitoringu spo\u0142ecznego poparcia dla cz\u0142onkostwa Polski w Unii Europejskiej &#8211; Euro-Track &#8211; w pierwszej po\u0142owie marca TNS OBOP zapyta\u0142 Polak\u00f3w o sprawy integracji z<\/p>\n","protected":false},"author":1,"featured_media":0,"comment_status":"closed","ping_status":"closed","sticky":false,"template":"","format":"standard","meta":{"ngg_post_thumbnail":0},"categories":[1],"tags":[],"_links":{"self":[{"href":"https:\/\/public.kantarpolska.com\/archiwumraportow\/wp-json\/wp\/v2\/posts\/1105"}],"collection":[{"href":"https:\/\/public.kantarpolska.com\/archiwumraportow\/wp-json\/wp\/v2\/posts"}],"about":[{"href":"https:\/\/public.kantarpolska.com\/archiwumraportow\/wp-json\/wp\/v2\/types\/post"}],"author":[{"embeddable":true,"href":"https:\/\/public.kantarpolska.com\/archiwumraportow\/wp-json\/wp\/v2\/users\/1"}],"replies":[{"embeddable":true,"href":"https:\/\/public.kantarpolska.com\/archiwumraportow\/wp-json\/wp\/v2\/comments?post=1105"}],"version-history":[{"count":0,"href":"https:\/\/public.kantarpolska.com\/archiwumraportow\/wp-json\/wp\/v2\/posts\/1105\/revisions"}],"wp:attachment":[{"href":"https:\/\/public.kantarpolska.com\/archiwumraportow\/wp-json\/wp\/v2\/media?parent=1105"}],"wp:term":[{"taxonomy":"category","embeddable":true,"href":"https:\/\/public.kantarpolska.com\/archiwumraportow\/wp-json\/wp\/v2\/categories?post=1105"},{"taxonomy":"post_tag","embeddable":true,"href":"https:\/\/public.kantarpolska.com\/archiwumraportow\/wp-json\/wp\/v2\/tags?post=1105"}],"curies":[{"name":"wp","href":"https:\/\/api.w.org\/{rel}","templated":true}]}}