
{"id":1103,"date":"2002-03-11T00:00:00","date_gmt":"2002-03-11T00:00:00","guid":{"rendered":"https:\/\/www.tnsglobal.pl\/archiwumraportow\/2002\/03\/11\/spoleczne-oceny-rzadu-premiera-i-prezydenta-w-marcu-2002-r\/"},"modified":"2002-03-11T00:00:00","modified_gmt":"2002-03-11T00:00:00","slug":"spoleczne-oceny-rzadu-premiera-i-prezydenta-w-marcu-2002-r","status":"publish","type":"post","link":"https:\/\/public.kantarpolska.com\/archiwumraportow\/2002\/03\/11\/spoleczne-oceny-rzadu-premiera-i-prezydenta-w-marcu-2002-r\/","title":{"rendered":"Spo\u0142eczne oceny rz\u0105du, premiera i prezydenta w marcu 2002 r."},"content":{"rendered":"<p>Ocena trzech instytucji w\u0142adzy &#8211; prezydenta, premiera i rz\u0105du &#8211; jest cyklicznym badaniem, prowadzonym przez TNS OBOP w rytmie miesi\u0119cznym. W czasie, jaki up\u0142yn\u0105\u0142 od powo\u0142ania obecnego rz\u0105du,<!--more--> pomiaru ocen spo\u0142ecznych dokonano w pierwszej po\u0142owie listopada i grudnia 2001 roku oraz w pierwszej po\u0142owie stycznia i lutego 2002 roku. Ostatnie, relacjonowane tu badanie odby\u0142o si\u0119 w dniach 9-11 marca 2002 roku, po prawie pi\u0119ciu miesi\u0105cach pracy rz\u0105du koalicji SLD-UP i PSL, kierowanego  przez Leszka Millera.<\/p>\n<div class=\"infopay\">Raport udost\u0119pniany jest bezp\u0142atnie, w us\u0142udze &#8222;udost\u0119pnij aby pobra\u0107&#8221;.<br \/>\n          <b>Na czym to polega?<\/b> Raport b\u0119dzie dost\u0119pny do pobrania w pdf po udost\u0119pnieniu wpisu z linkiem do Archiwum Raport\u00f3w TNS Polska na wybranym serwisie spo\u0142eczno\u015bciowym: Facebooku lub Twitterze.\n          <\/div>\n","protected":false},"excerpt":{"rendered":"<p>Ocena trzech instytucji w\u0142adzy &#8211; prezydenta, premiera i rz\u0105du &#8211; jest cyklicznym badaniem, prowadzonym przez TNS OBOP w rytmie miesi\u0119cznym. W czasie, jaki up\u0142yn\u0105\u0142 od powo\u0142ania obecnego rz\u0105du,<\/p>\n","protected":false},"author":1,"featured_media":0,"comment_status":"closed","ping_status":"closed","sticky":false,"template":"","format":"standard","meta":{"ngg_post_thumbnail":0},"categories":[1],"tags":[],"_links":{"self":[{"href":"https:\/\/public.kantarpolska.com\/archiwumraportow\/wp-json\/wp\/v2\/posts\/1103"}],"collection":[{"href":"https:\/\/public.kantarpolska.com\/archiwumraportow\/wp-json\/wp\/v2\/posts"}],"about":[{"href":"https:\/\/public.kantarpolska.com\/archiwumraportow\/wp-json\/wp\/v2\/types\/post"}],"author":[{"embeddable":true,"href":"https:\/\/public.kantarpolska.com\/archiwumraportow\/wp-json\/wp\/v2\/users\/1"}],"replies":[{"embeddable":true,"href":"https:\/\/public.kantarpolska.com\/archiwumraportow\/wp-json\/wp\/v2\/comments?post=1103"}],"version-history":[{"count":0,"href":"https:\/\/public.kantarpolska.com\/archiwumraportow\/wp-json\/wp\/v2\/posts\/1103\/revisions"}],"wp:attachment":[{"href":"https:\/\/public.kantarpolska.com\/archiwumraportow\/wp-json\/wp\/v2\/media?parent=1103"}],"wp:term":[{"taxonomy":"category","embeddable":true,"href":"https:\/\/public.kantarpolska.com\/archiwumraportow\/wp-json\/wp\/v2\/categories?post=1103"},{"taxonomy":"post_tag","embeddable":true,"href":"https:\/\/public.kantarpolska.com\/archiwumraportow\/wp-json\/wp\/v2\/tags?post=1103"}],"curies":[{"name":"wp","href":"https:\/\/api.w.org\/{rel}","templated":true}]}}