
{"id":1102,"date":"2002-03-11T00:00:00","date_gmt":"2002-03-11T00:00:00","guid":{"rendered":"https:\/\/www.tnsglobal.pl\/archiwumraportow\/2002\/03\/11\/swieta-wielkanocne-2002\/"},"modified":"2002-03-11T00:00:00","modified_gmt":"2002-03-11T00:00:00","slug":"swieta-wielkanocne-2002","status":"publish","type":"post","link":"https:\/\/public.kantarpolska.com\/archiwumraportow\/2002\/03\/11\/swieta-wielkanocne-2002\/","title":{"rendered":"\u015awi\u0119ta Wielkanocne 2002"},"content":{"rendered":"<p>Tematyka dotycz\u0105ca zbli\u017caj\u0105cej si\u0119 Wielkanocy by\u0142a przedmiotem naszego kolejnego badania. Czy tegoroczne \u015awi\u0119ta r\u00f3\u017cni\u0107 si\u0119 b\u0119d\u0105 od tych, kt\u00f3re celebrowali\u015bmy przed laty, czy mo\u017ce &#8211; mimo up\u0142ywu<!--more--> czasu i zmieniaj\u0105cych si\u0119 warunk\u00f3w &#8211; towarzysz\u0105ce im tradycje, zwyczaje i obrz\u0119dy s\u0105 nadal przez Polak\u00f3w piel\u0119gnowane. Tegoroczne wyniki zestawiamy z wynikami badania realizowanego w drugiej po\u0142owie lat dziewi\u0119\u0107dziesi\u0105tych.<\/p>\n<div class=\"infopay\">Raport udost\u0119pniany jest bezp\u0142atnie, w us\u0142udze &#8222;udost\u0119pnij aby pobra\u0107&#8221;.<br \/>\n          <b>Na czym to polega?<\/b> Raport b\u0119dzie dost\u0119pny do pobrania w pdf po udost\u0119pnieniu wpisu z linkiem do Archiwum Raport\u00f3w TNS Polska na wybranym serwisie spo\u0142eczno\u015bciowym: Facebooku lub Twitterze.\n          <\/div>\n","protected":false},"excerpt":{"rendered":"<p>Tematyka dotycz\u0105ca zbli\u017caj\u0105cej si\u0119 Wielkanocy by\u0142a przedmiotem naszego kolejnego badania. Czy tegoroczne \u015awi\u0119ta r\u00f3\u017cni\u0107 si\u0119 b\u0119d\u0105 od tych, kt\u00f3re celebrowali\u015bmy przed laty, czy mo\u017ce &#8211; mimo up\u0142ywu<\/p>\n","protected":false},"author":1,"featured_media":0,"comment_status":"closed","ping_status":"closed","sticky":false,"template":"","format":"standard","meta":{"ngg_post_thumbnail":0},"categories":[1],"tags":[],"_links":{"self":[{"href":"https:\/\/public.kantarpolska.com\/archiwumraportow\/wp-json\/wp\/v2\/posts\/1102"}],"collection":[{"href":"https:\/\/public.kantarpolska.com\/archiwumraportow\/wp-json\/wp\/v2\/posts"}],"about":[{"href":"https:\/\/public.kantarpolska.com\/archiwumraportow\/wp-json\/wp\/v2\/types\/post"}],"author":[{"embeddable":true,"href":"https:\/\/public.kantarpolska.com\/archiwumraportow\/wp-json\/wp\/v2\/users\/1"}],"replies":[{"embeddable":true,"href":"https:\/\/public.kantarpolska.com\/archiwumraportow\/wp-json\/wp\/v2\/comments?post=1102"}],"version-history":[{"count":1,"href":"https:\/\/public.kantarpolska.com\/archiwumraportow\/wp-json\/wp\/v2\/posts\/1102\/revisions"}],"predecessor-version":[{"id":6076,"href":"https:\/\/public.kantarpolska.com\/archiwumraportow\/wp-json\/wp\/v2\/posts\/1102\/revisions\/6076"}],"wp:attachment":[{"href":"https:\/\/public.kantarpolska.com\/archiwumraportow\/wp-json\/wp\/v2\/media?parent=1102"}],"wp:term":[{"taxonomy":"category","embeddable":true,"href":"https:\/\/public.kantarpolska.com\/archiwumraportow\/wp-json\/wp\/v2\/categories?post=1102"},{"taxonomy":"post_tag","embeddable":true,"href":"https:\/\/public.kantarpolska.com\/archiwumraportow\/wp-json\/wp\/v2\/tags?post=1102"}],"curies":[{"name":"wp","href":"https:\/\/api.w.org\/{rel}","templated":true}]}}