
{"id":1101,"date":"2002-03-11T00:00:00","date_gmt":"2002-03-11T00:00:00","guid":{"rendered":"https:\/\/www.tnsglobal.pl\/archiwumraportow\/2002\/03\/11\/opinie-o-projekcie-ograniczenia-emerytom-i-rencistom-mozliwosci-podejmowania-pracy-zarobkowej\/"},"modified":"2002-03-11T00:00:00","modified_gmt":"2002-03-11T00:00:00","slug":"opinie-o-projekcie-ograniczenia-emerytom-i-rencistom-mozliwosci-podejmowania-pracy-zarobkowej","status":"publish","type":"post","link":"https:\/\/public.kantarpolska.com\/archiwumraportow\/2002\/03\/11\/opinie-o-projekcie-ograniczenia-emerytom-i-rencistom-mozliwosci-podejmowania-pracy-zarobkowej\/","title":{"rendered":"Opinie o projekcie ograniczenia emerytom i rencistom mo\u017cliwo\u015bci podejmowania pracy zarobkowej."},"content":{"rendered":"<p>W pierwszych dniach marca Ministerstwo Pracy przedstawi\u0142o projekt ograniczenia emerytom, rencistom i innym \u015bwiadczeniobiorcom mo\u017cliwo\u015bci podejmowania pracy zarobkowej. W sonda\u017cu realizowanym kilka dni p\u00f3\u017aniej TNS OBOP zapyta\u0142 Polak\u00f3w<!--more--> o zainteresowanie t\u0105 spraw\u0105 i opinie na ten temat: czy nale\u017cy wprowadzi\u0107 takie utrudnienia, a je\u015bli tak, to w jaki spos\u00f3b oraz czy realizacja projektu poprawi sytuacj\u0119 na rynku pracy u\u0142atwiaj\u0105c bezrobotnym dost\u0119p do miejsc pracy.<\/p>\n<div class=\"infopay\">Raport udost\u0119pniany jest bezp\u0142atnie, w us\u0142udze &#8222;udost\u0119pnij aby pobra\u0107&#8221;.<br \/>\n          <b>Na czym to polega?<\/b> Raport b\u0119dzie dost\u0119pny do pobrania w pdf po udost\u0119pnieniu wpisu z linkiem do Archiwum Raport\u00f3w TNS Polska na wybranym serwisie spo\u0142eczno\u015bciowym: Facebooku lub Twitterze.\n          <\/div>\n","protected":false},"excerpt":{"rendered":"<p>W pierwszych dniach marca Ministerstwo Pracy przedstawi\u0142o projekt ograniczenia emerytom, rencistom i innym \u015bwiadczeniobiorcom mo\u017cliwo\u015bci podejmowania pracy zarobkowej. W sonda\u017cu realizowanym kilka dni p\u00f3\u017aniej TNS OBOP zapyta\u0142 Polak\u00f3w<\/p>\n","protected":false},"author":1,"featured_media":0,"comment_status":"closed","ping_status":"closed","sticky":false,"template":"","format":"standard","meta":{"ngg_post_thumbnail":0},"categories":[1],"tags":[],"_links":{"self":[{"href":"https:\/\/public.kantarpolska.com\/archiwumraportow\/wp-json\/wp\/v2\/posts\/1101"}],"collection":[{"href":"https:\/\/public.kantarpolska.com\/archiwumraportow\/wp-json\/wp\/v2\/posts"}],"about":[{"href":"https:\/\/public.kantarpolska.com\/archiwumraportow\/wp-json\/wp\/v2\/types\/post"}],"author":[{"embeddable":true,"href":"https:\/\/public.kantarpolska.com\/archiwumraportow\/wp-json\/wp\/v2\/users\/1"}],"replies":[{"embeddable":true,"href":"https:\/\/public.kantarpolska.com\/archiwumraportow\/wp-json\/wp\/v2\/comments?post=1101"}],"version-history":[{"count":0,"href":"https:\/\/public.kantarpolska.com\/archiwumraportow\/wp-json\/wp\/v2\/posts\/1101\/revisions"}],"wp:attachment":[{"href":"https:\/\/public.kantarpolska.com\/archiwumraportow\/wp-json\/wp\/v2\/media?parent=1101"}],"wp:term":[{"taxonomy":"category","embeddable":true,"href":"https:\/\/public.kantarpolska.com\/archiwumraportow\/wp-json\/wp\/v2\/categories?post=1101"},{"taxonomy":"post_tag","embeddable":true,"href":"https:\/\/public.kantarpolska.com\/archiwumraportow\/wp-json\/wp\/v2\/tags?post=1101"}],"curies":[{"name":"wp","href":"https:\/\/api.w.org\/{rel}","templated":true}]}}