
{"id":1100,"date":"2002-03-11T00:00:00","date_gmt":"2002-03-11T00:00:00","guid":{"rendered":"https:\/\/www.tnsglobal.pl\/archiwumraportow\/2002\/03\/11\/opinie-o-potrzebie-wprowadzenia-ulgi-podatkowej-umozliwiajacej-odliczanie-wplat-na-dodatkowa-emeryture\/"},"modified":"2002-03-11T00:00:00","modified_gmt":"2002-03-11T00:00:00","slug":"opinie-o-potrzebie-wprowadzenia-ulgi-podatkowej-umozliwiajacej-odliczanie-wplat-na-dodatkowa-emeryture","status":"publish","type":"post","link":"https:\/\/public.kantarpolska.com\/archiwumraportow\/2002\/03\/11\/opinie-o-potrzebie-wprowadzenia-ulgi-podatkowej-umozliwiajacej-odliczanie-wplat-na-dodatkowa-emeryture\/","title":{"rendered":"Opinie o potrzebie wprowadzenia ulgi podatkowej umo\u017cliwiaj\u0105cej odliczanie wp\u0142at na dodatkow\u0105 emerytur\u0119."},"content":{"rendered":"<p>Na zlecenie Stowarzyszenia na Rzecz Bezpiecze\u0144stwa Finansowego Obywateli Rzeczypospolitej Polskiej w pierwszej po\u0142owie marca TNS OBOP zapyta\u0142 Polak\u00f3w o ich opinie o potrzebie wprowadzenia ulgi podatkowej umo\u017cliwiaj\u0105cej<!--more--> odliczanie od podatku wp\u0142at na dodatkow\u0105 emerytur\u0119 oraz o wysoko\u015b\u0107 kwot, kt\u00f3re byliby sk\u0142onni przeznaczy\u0107 miesi\u0119cznie na ten cel gdyby taka ulga zosta\u0142a wprowadzona.<\/p>\n<div class=\"infopay\">Raport udost\u0119pniany jest bezp\u0142atnie, w us\u0142udze &#8222;udost\u0119pnij aby pobra\u0107&#8221;.<br \/>\n          <b>Na czym to polega?<\/b> Raport b\u0119dzie dost\u0119pny do pobrania w pdf po udost\u0119pnieniu wpisu z linkiem do Archiwum Raport\u00f3w TNS Polska na wybranym serwisie spo\u0142eczno\u015bciowym: Facebooku lub Twitterze.\n          <\/div>\n","protected":false},"excerpt":{"rendered":"<p>Na zlecenie Stowarzyszenia na Rzecz Bezpiecze\u0144stwa Finansowego Obywateli Rzeczypospolitej Polskiej w pierwszej po\u0142owie marca TNS OBOP zapyta\u0142 Polak\u00f3w o ich opinie o potrzebie wprowadzenia ulgi podatkowej umo\u017cliwiaj\u0105cej<\/p>\n","protected":false},"author":1,"featured_media":0,"comment_status":"closed","ping_status":"closed","sticky":false,"template":"","format":"standard","meta":{"ngg_post_thumbnail":0},"categories":[1],"tags":[],"_links":{"self":[{"href":"https:\/\/public.kantarpolska.com\/archiwumraportow\/wp-json\/wp\/v2\/posts\/1100"}],"collection":[{"href":"https:\/\/public.kantarpolska.com\/archiwumraportow\/wp-json\/wp\/v2\/posts"}],"about":[{"href":"https:\/\/public.kantarpolska.com\/archiwumraportow\/wp-json\/wp\/v2\/types\/post"}],"author":[{"embeddable":true,"href":"https:\/\/public.kantarpolska.com\/archiwumraportow\/wp-json\/wp\/v2\/users\/1"}],"replies":[{"embeddable":true,"href":"https:\/\/public.kantarpolska.com\/archiwumraportow\/wp-json\/wp\/v2\/comments?post=1100"}],"version-history":[{"count":0,"href":"https:\/\/public.kantarpolska.com\/archiwumraportow\/wp-json\/wp\/v2\/posts\/1100\/revisions"}],"wp:attachment":[{"href":"https:\/\/public.kantarpolska.com\/archiwumraportow\/wp-json\/wp\/v2\/media?parent=1100"}],"wp:term":[{"taxonomy":"category","embeddable":true,"href":"https:\/\/public.kantarpolska.com\/archiwumraportow\/wp-json\/wp\/v2\/categories?post=1100"},{"taxonomy":"post_tag","embeddable":true,"href":"https:\/\/public.kantarpolska.com\/archiwumraportow\/wp-json\/wp\/v2\/tags?post=1100"}],"curies":[{"name":"wp","href":"https:\/\/api.w.org\/{rel}","templated":true}]}}