
{"id":1098,"date":"2002-02-11T00:00:00","date_gmt":"2002-02-11T00:00:00","guid":{"rendered":"https:\/\/www.tnsglobal.pl\/archiwumraportow\/2002\/02\/11\/problem-aborcji-i-problem-ustawy-antyaborcyjnej\/"},"modified":"2002-02-11T00:00:00","modified_gmt":"2002-02-11T00:00:00","slug":"problem-aborcji-i-problem-ustawy-antyaborcyjnej","status":"publish","type":"post","link":"https:\/\/public.kantarpolska.com\/archiwumraportow\/2002\/02\/11\/problem-aborcji-i-problem-ustawy-antyaborcyjnej\/","title":{"rendered":"Problem aborcji i problem ustawy antyaborcyjnej."},"content":{"rendered":"<p>Pod wzgl\u0119dem prawnym problem aborcji zosta\u0142 z Polsce uregulowany uchwalon\u0105 w lutym 1993 roku Ustaw\u0105 o planowaniu rodziny, ochronie p\u0142odu ludzkiego i warunkach dopuszczalno\u015bci przerywania ci\u0105\u017cy. W ostatnich<!--more--> tygodniach kwestia prawnej dopuszczalno\u015bci aborcji pojawi\u0142a si\u0119 na nowo &#8211; w wypowiedzi pe\u0142nomocnika rz\u0105du ds. r\u00f3wnego statusu kobiet Izabeli Jarugi-Nowackiej, postuluj\u0105cej z\u0142agodzenie &#8222;ustawy antyaborcyjnej&#8221;, w ostrej reakcji biskupa Tadeusza Pieronka i w li\u015bcie grupy kobiet skierowanym do Parlamentu Europy. W pierwszej po\u0142owie lutego do sprawy tej wr\u00f3ci\u0142 w comiesi\u0119cznym sonda\u017cu tak\u017ce TNS OBOP. Komunikat przedstawia wyniki badania, w kt\u00f3rym zapytali\u015bmy Polak\u00f3w o trzy sprawy: co &#8211; ich zdaniem &#8211; nale\u017cy zrobi\u0107 z ustaw\u0105 (z\u0142agodzi\u0107 czy zostawi\u0107 bez zmian, zaostrzy\u0107, czy mo\u017ce w og\u00f3le uniewa\u017cni\u0107), czy obowi\u0105zuj\u0105cy zakaz przerywania ci\u0105\u017cy ze wzgl\u0119d\u00f3w spo\u0142ecznych przyczyni\u0142 si\u0119 do zmniejszenia liczby zabieg\u00f3w przerywania ci\u0105\u017cy oraz jakie s\u0105 najlepsze sposoby na zmniejszenie liczby aborcji.<\/p>\n<div class=\"infopay\">Raport udost\u0119pniany jest bezp\u0142atnie, w us\u0142udze &#8222;udost\u0119pnij aby pobra\u0107&#8221;.<br \/>\n          <b>Na czym to polega?<\/b> Raport b\u0119dzie dost\u0119pny do pobrania w pdf po udost\u0119pnieniu wpisu z linkiem do Archiwum Raport\u00f3w TNS Polska na wybranym serwisie spo\u0142eczno\u015bciowym: Facebooku lub Twitterze.\n          <\/div>\n","protected":false},"excerpt":{"rendered":"<p>Pod wzgl\u0119dem prawnym problem aborcji zosta\u0142 z Polsce uregulowany uchwalon\u0105 w lutym 1993 roku Ustaw\u0105 o planowaniu rodziny, ochronie p\u0142odu ludzkiego i warunkach dopuszczalno\u015bci przerywania ci\u0105\u017cy. W ostatnich<\/p>\n","protected":false},"author":1,"featured_media":0,"comment_status":"closed","ping_status":"closed","sticky":false,"template":"","format":"standard","meta":{"ngg_post_thumbnail":0},"categories":[1],"tags":[],"_links":{"self":[{"href":"https:\/\/public.kantarpolska.com\/archiwumraportow\/wp-json\/wp\/v2\/posts\/1098"}],"collection":[{"href":"https:\/\/public.kantarpolska.com\/archiwumraportow\/wp-json\/wp\/v2\/posts"}],"about":[{"href":"https:\/\/public.kantarpolska.com\/archiwumraportow\/wp-json\/wp\/v2\/types\/post"}],"author":[{"embeddable":true,"href":"https:\/\/public.kantarpolska.com\/archiwumraportow\/wp-json\/wp\/v2\/users\/1"}],"replies":[{"embeddable":true,"href":"https:\/\/public.kantarpolska.com\/archiwumraportow\/wp-json\/wp\/v2\/comments?post=1098"}],"version-history":[{"count":0,"href":"https:\/\/public.kantarpolska.com\/archiwumraportow\/wp-json\/wp\/v2\/posts\/1098\/revisions"}],"wp:attachment":[{"href":"https:\/\/public.kantarpolska.com\/archiwumraportow\/wp-json\/wp\/v2\/media?parent=1098"}],"wp:term":[{"taxonomy":"category","embeddable":true,"href":"https:\/\/public.kantarpolska.com\/archiwumraportow\/wp-json\/wp\/v2\/categories?post=1098"},{"taxonomy":"post_tag","embeddable":true,"href":"https:\/\/public.kantarpolska.com\/archiwumraportow\/wp-json\/wp\/v2\/tags?post=1098"}],"curies":[{"name":"wp","href":"https:\/\/api.w.org\/{rel}","templated":true}]}}