
{"id":1097,"date":"2002-03-11T00:00:00","date_gmt":"2002-03-11T00:00:00","guid":{"rendered":"https:\/\/www.tnsglobal.pl\/archiwumraportow\/2002\/03\/11\/preferencje-partyjne-polakow-w-marcu-2002-r\/"},"modified":"2002-03-11T00:00:00","modified_gmt":"2002-03-11T00:00:00","slug":"preferencje-partyjne-polakow-w-marcu-2002-r","status":"publish","type":"post","link":"https:\/\/public.kantarpolska.com\/archiwumraportow\/2002\/03\/11\/preferencje-partyjne-polakow-w-marcu-2002-r\/","title":{"rendered":"Preferencje partyjne Polak\u00f3w w marcu 2002 r."},"content":{"rendered":"<p>W badaniu zrealizowanym w ostatni weekend lutego odnotowali\u015bmy odwr\u00f3cenie kolejno\u015bci w rankingu partii ciesz\u0105cych si\u0119 najwi\u0119kszym poparciem wyborc\u00f3w. Zastanawiali\u015bmy si\u0119 w\u00f3wczas czy wynik ten sygnalizuje pocz\u0105tek zmian w preferencjach<!--more--> partyjnych Polak\u00f3w, czy te\u017c mamy do czynienia z jednorazowym wahni\u0119ciem, kt\u00f3re mo\u017ce mie\u015bci\u0107 si\u0119 w granicach b\u0142\u0119du statystycznego. Rozstrzygni\u0119cia oczekiwali\u015bmy po wynikach kolejnych bada\u0144. Nasz najnowszy pomiar &#8211; pierwszy od tamtego czasu &#8211; zrealizowali\u015bmy w drugi weekend marca: trwa\u0142a w\u00f3wczas dyskusja nad wprowadzeniem ogranicze\u0144 w mo\u017cliwo\u015bciach zarobkowania emeryt\u00f3w i rencist\u00f3w, w publicznej debacie przewija\u0142 si\u0119 temat obrotu ziemi\u0105<\/p>\n<div class=\"infopay\">Raport udost\u0119pniany jest bezp\u0142atnie, w us\u0142udze &#8222;udost\u0119pnij aby pobra\u0107&#8221;.<br \/>\n          <b>Na czym to polega?<\/b> Raport b\u0119dzie dost\u0119pny do pobrania w pdf po udost\u0119pnieniu wpisu z linkiem do Archiwum Raport\u00f3w TNS Polska na wybranym serwisie spo\u0142eczno\u015bciowym: Facebooku lub Twitterze.\n          <\/div>\n","protected":false},"excerpt":{"rendered":"<p>W badaniu zrealizowanym w ostatni weekend lutego odnotowali\u015bmy odwr\u00f3cenie kolejno\u015bci w rankingu partii ciesz\u0105cych si\u0119 najwi\u0119kszym poparciem wyborc\u00f3w. Zastanawiali\u015bmy si\u0119 w\u00f3wczas czy wynik ten sygnalizuje pocz\u0105tek zmian w preferencjach<\/p>\n","protected":false},"author":1,"featured_media":0,"comment_status":"closed","ping_status":"closed","sticky":false,"template":"","format":"standard","meta":{"ngg_post_thumbnail":0},"categories":[1],"tags":[],"_links":{"self":[{"href":"https:\/\/public.kantarpolska.com\/archiwumraportow\/wp-json\/wp\/v2\/posts\/1097"}],"collection":[{"href":"https:\/\/public.kantarpolska.com\/archiwumraportow\/wp-json\/wp\/v2\/posts"}],"about":[{"href":"https:\/\/public.kantarpolska.com\/archiwumraportow\/wp-json\/wp\/v2\/types\/post"}],"author":[{"embeddable":true,"href":"https:\/\/public.kantarpolska.com\/archiwumraportow\/wp-json\/wp\/v2\/users\/1"}],"replies":[{"embeddable":true,"href":"https:\/\/public.kantarpolska.com\/archiwumraportow\/wp-json\/wp\/v2\/comments?post=1097"}],"version-history":[{"count":0,"href":"https:\/\/public.kantarpolska.com\/archiwumraportow\/wp-json\/wp\/v2\/posts\/1097\/revisions"}],"wp:attachment":[{"href":"https:\/\/public.kantarpolska.com\/archiwumraportow\/wp-json\/wp\/v2\/media?parent=1097"}],"wp:term":[{"taxonomy":"category","embeddable":true,"href":"https:\/\/public.kantarpolska.com\/archiwumraportow\/wp-json\/wp\/v2\/categories?post=1097"},{"taxonomy":"post_tag","embeddable":true,"href":"https:\/\/public.kantarpolska.com\/archiwumraportow\/wp-json\/wp\/v2\/tags?post=1097"}],"curies":[{"name":"wp","href":"https:\/\/api.w.org\/{rel}","templated":true}]}}