
{"id":1092,"date":"2002-02-13T00:00:00","date_gmt":"2002-02-13T00:00:00","guid":{"rendered":"https:\/\/www.tnsglobal.pl\/archiwumraportow\/2002\/02\/13\/mieszkancy-wsi-o-unii-europejskiej\/"},"modified":"2002-02-13T00:00:00","modified_gmt":"2002-02-13T00:00:00","slug":"mieszkancy-wsi-o-unii-europejskiej","status":"publish","type":"post","link":"https:\/\/public.kantarpolska.com\/archiwumraportow\/2002\/02\/13\/mieszkancy-wsi-o-unii-europejskiej\/","title":{"rendered":"Mieszka\u0144cy wsi o Unii Europejskiej."},"content":{"rendered":"<p>Komunikat przedstawia wyniki specjalnego badania opinii mieszka\u0144c\u00f3w wsi przeprowadzonego przez TNS OBOP we wsp\u00f3\u0142pracy ze Zwi\u0105zkiem Gmin Wiejskich RP w pierwszej po\u0142owie lutego. W tym samym czasie zrealizowany<!--more--> zosta\u0142 r\u00f3wnie\u017c sonda\u017c w\u015br\u00f3d og\u00f3\u0142u Polak\u00f3w. W badaniu zapytali\u015bmy o poczucie poinformowania o cz\u0142onkostwie Polski w Unii, zamiar wzi\u0119cia udzia\u0142u w referendum akcesyjnym oraz spos\u00f3b g\u0142osowania w nim. W opracowaniu zestawiono wyniki dla mieszka\u0144c\u00f3w wsi z danymi dla og\u00f3\u0142u spo\u0142ecze\u0144stwa oraz mieszka\u0144c\u00f3w miast, szczeg\u00f3ln\u0105 uwag\u0119 zwr\u00f3cono r\u00f3wnie\u017c na opinie rolnik\u00f3w. Sonda\u017c przeprowadzany by\u0142 gdy znane ju\u017c by\u0142o stanowisko Unii dotycz\u0105ce przyznania polskim rolnikom bezpo\u015brednich dop\u0142at do produkcji w wysoko\u015bci 25% kwot otrzymywanych przez unijnych rolnik\u00f3w i 10-letniego okresu dochodzenia do pe\u0142nej wysoko\u015bci dop\u0142at.<\/p>\n<div class=\"infopay\">Raport udost\u0119pniany jest bezp\u0142atnie, w us\u0142udze &#8222;udost\u0119pnij aby pobra\u0107&#8221;.<br \/>\n          <b>Na czym to polega?<\/b> Raport b\u0119dzie dost\u0119pny do pobrania w pdf po udost\u0119pnieniu wpisu z linkiem do Archiwum Raport\u00f3w TNS Polska na wybranym serwisie spo\u0142eczno\u015bciowym: Facebooku lub Twitterze.\n          <\/div>\n","protected":false},"excerpt":{"rendered":"<p>Komunikat przedstawia wyniki specjalnego badania opinii mieszka\u0144c\u00f3w wsi przeprowadzonego przez TNS OBOP we wsp\u00f3\u0142pracy ze Zwi\u0105zkiem Gmin Wiejskich RP w pierwszej po\u0142owie lutego. W tym samym czasie zrealizowany<\/p>\n","protected":false},"author":1,"featured_media":0,"comment_status":"closed","ping_status":"closed","sticky":false,"template":"","format":"standard","meta":{"ngg_post_thumbnail":0},"categories":[1],"tags":[],"_links":{"self":[{"href":"https:\/\/public.kantarpolska.com\/archiwumraportow\/wp-json\/wp\/v2\/posts\/1092"}],"collection":[{"href":"https:\/\/public.kantarpolska.com\/archiwumraportow\/wp-json\/wp\/v2\/posts"}],"about":[{"href":"https:\/\/public.kantarpolska.com\/archiwumraportow\/wp-json\/wp\/v2\/types\/post"}],"author":[{"embeddable":true,"href":"https:\/\/public.kantarpolska.com\/archiwumraportow\/wp-json\/wp\/v2\/users\/1"}],"replies":[{"embeddable":true,"href":"https:\/\/public.kantarpolska.com\/archiwumraportow\/wp-json\/wp\/v2\/comments?post=1092"}],"version-history":[{"count":0,"href":"https:\/\/public.kantarpolska.com\/archiwumraportow\/wp-json\/wp\/v2\/posts\/1092\/revisions"}],"wp:attachment":[{"href":"https:\/\/public.kantarpolska.com\/archiwumraportow\/wp-json\/wp\/v2\/media?parent=1092"}],"wp:term":[{"taxonomy":"category","embeddable":true,"href":"https:\/\/public.kantarpolska.com\/archiwumraportow\/wp-json\/wp\/v2\/categories?post=1092"},{"taxonomy":"post_tag","embeddable":true,"href":"https:\/\/public.kantarpolska.com\/archiwumraportow\/wp-json\/wp\/v2\/tags?post=1092"}],"curies":[{"name":"wp","href":"https:\/\/api.w.org\/{rel}","templated":true}]}}