
{"id":1090,"date":"2002-02-25T00:00:00","date_gmt":"2002-02-25T00:00:00","guid":{"rendered":"https:\/\/www.tnsglobal.pl\/archiwumraportow\/2002\/02\/25\/preferencje-partyjne-polakow-w-ostatnich-dniach-lutego-2002-r\/"},"modified":"2002-02-25T00:00:00","modified_gmt":"2002-02-25T00:00:00","slug":"preferencje-partyjne-polakow-w-ostatnich-dniach-lutego-2002-r","status":"publish","type":"post","link":"https:\/\/public.kantarpolska.com\/archiwumraportow\/2002\/02\/25\/preferencje-partyjne-polakow-w-ostatnich-dniach-lutego-2002-r\/","title":{"rendered":"Preferencje partyjne Polak\u00f3w w ostatnich dniach lutego 2002 r."},"content":{"rendered":"<p>W ostatni weekend lutego przeprowadzili\u015bmy kolejne badanie, w kt\u00f3rym zapytali\u015bmy Polak\u00f3w, jak g\u0142osowaliby w wyborach parlamentarnych, gdyby mia\u0142y si\u0119 one odbywa\u0107 w najbli\u017csz\u0105 niedziel\u0119. To nasz drugi<!--more--> pomiar przeprowadzony w lutym na ten temat; poprzedni mia\u0142 miejsce dwa tygodnie wcze\u015bniej. W stosunku do tamtego sonda\u017cu wprowadzona zosta\u0142a jedna tylko zmiana: z naszych list znik\u0142o PPChD, a pojawi\u0142o si\u0119 Stronnictwo Konserwatywno Ludowe &#8211; Ruch Nowej Polski. rnNie zmienili\u015bmy sposobu pytania o preferencje: najpierw pytamy badanych czy poszliby g\u0142osowa\u0107, a nast\u0119pnie wszystkie osoby, kt\u00f3re odpowiadaj\u0105 pozytywnie proszone s\u0105 o wskazanie partii, kt\u00f3r\u0105 by poparli: pierwsze pytanie o preferencje zawiera list\u0119, na kt\u00f3rej koalicja SLD-UP wyst\u0119puje jako jeden podmiot (tak jak to wynika\u0142o z um\u00f3w przedwyborczych), drugie natomiast uwzgl\u0119dnia wszystkie poszczeg\u00f3lne podmioty tworz\u0105ce koalicj\u0119 SLD-UP oddzielnie (badani nie s\u0105 uprzedzani o charakterze r\u00f3\u017cnic obu list). Obie listy u\u0142o\u017cone s\u0105 alfabetycznie, w nawiasach obok nazwy partii umieszczone jest nazwisko jej lidera. Przy przeliczaniu wynik\u00f3w preferencji, z podstawy procentowania wy\u0142\u0105czane s\u0105 osoby, kt\u00f3re mimo gotowo\u015bci uczestniczenia w wyborach m\u00f3wi\u0142y, \u017ce jednak nie wiedz\u0105 na kogo by zag\u0142osowa\u0142y.<\/p>\n<div class=\"infopay\">Raport udost\u0119pniany jest bezp\u0142atnie, w us\u0142udze &#8222;udost\u0119pnij aby pobra\u0107&#8221;.<br \/>\n          <b>Na czym to polega?<\/b> Raport b\u0119dzie dost\u0119pny do pobrania w pdf po udost\u0119pnieniu wpisu z linkiem do Archiwum Raport\u00f3w TNS Polska na wybranym serwisie spo\u0142eczno\u015bciowym: Facebooku lub Twitterze.\n          <\/div>\n","protected":false},"excerpt":{"rendered":"<p>W ostatni weekend lutego przeprowadzili\u015bmy kolejne badanie, w kt\u00f3rym zapytali\u015bmy Polak\u00f3w, jak g\u0142osowaliby w wyborach parlamentarnych, gdyby mia\u0142y si\u0119 one odbywa\u0107 w najbli\u017csz\u0105 niedziel\u0119. To nasz drugi<\/p>\n","protected":false},"author":1,"featured_media":0,"comment_status":"closed","ping_status":"closed","sticky":false,"template":"","format":"standard","meta":{"ngg_post_thumbnail":0},"categories":[1],"tags":[],"_links":{"self":[{"href":"https:\/\/public.kantarpolska.com\/archiwumraportow\/wp-json\/wp\/v2\/posts\/1090"}],"collection":[{"href":"https:\/\/public.kantarpolska.com\/archiwumraportow\/wp-json\/wp\/v2\/posts"}],"about":[{"href":"https:\/\/public.kantarpolska.com\/archiwumraportow\/wp-json\/wp\/v2\/types\/post"}],"author":[{"embeddable":true,"href":"https:\/\/public.kantarpolska.com\/archiwumraportow\/wp-json\/wp\/v2\/users\/1"}],"replies":[{"embeddable":true,"href":"https:\/\/public.kantarpolska.com\/archiwumraportow\/wp-json\/wp\/v2\/comments?post=1090"}],"version-history":[{"count":0,"href":"https:\/\/public.kantarpolska.com\/archiwumraportow\/wp-json\/wp\/v2\/posts\/1090\/revisions"}],"wp:attachment":[{"href":"https:\/\/public.kantarpolska.com\/archiwumraportow\/wp-json\/wp\/v2\/media?parent=1090"}],"wp:term":[{"taxonomy":"category","embeddable":true,"href":"https:\/\/public.kantarpolska.com\/archiwumraportow\/wp-json\/wp\/v2\/categories?post=1090"},{"taxonomy":"post_tag","embeddable":true,"href":"https:\/\/public.kantarpolska.com\/archiwumraportow\/wp-json\/wp\/v2\/tags?post=1090"}],"curies":[{"name":"wp","href":"https:\/\/api.w.org\/{rel}","templated":true}]}}