
{"id":1074,"date":"2001-12-10T00:00:00","date_gmt":"2001-12-10T00:00:00","guid":{"rendered":"https:\/\/www.tnsglobal.pl\/archiwumraportow\/2001\/12\/10\/rok-2001-i-2002-oceny-wydarzenia-oczekiwania-lata-tluste-lata-chude-dla-kraju-swiata-i-polakow\/"},"modified":"2001-12-10T00:00:00","modified_gmt":"2001-12-10T00:00:00","slug":"rok-2001-i-2002-oceny-wydarzenia-oczekiwania-lata-tluste-lata-chude-dla-kraju-swiata-i-polakow","status":"publish","type":"post","link":"https:\/\/public.kantarpolska.com\/archiwumraportow\/2001\/12\/10\/rok-2001-i-2002-oceny-wydarzenia-oczekiwania-lata-tluste-lata-chude-dla-kraju-swiata-i-polakow\/","title":{"rendered":"Rok 2001 i 2002: oceny, wydarzenia, oczekiwania. Lata t\u0142uste, lata chude dla kraju, \u015bwiata i Polak\u00f3w&#8230;"},"content":{"rendered":"<p>Pod koniec grudnia tradycyjnie ju\u017c zapytali\u015bmy Polak\u00f3w o to, jak oceniaj\u0105 mijaj\u0105cy w\u00f3wczas 2001 rok (pod wzgl\u0119dem sytuacji osobistej, sytuacji kraju oraz sytuacji mi\u0119dzynarodowej i pokoju na \u015bwiecie)<!--more--> oraz czego oczekuj\u0105 po nowym 2002 r. &#8211; czy b\u0119dzie on lepszy, gorszy czy taki sam jak odchodz\u0105cy (pytanie dotyczy\u0142o sytuacji osobistej, kraju oraz mi\u0119dzynarodowej).rnUzyskane najnowsze wyniki zestawili\u015bmy &#8211; tak jak to by\u0142o mo\u017cliwe (spos\u00f3b pytania ulega\u0142 w niekt\u00f3rych przypadkach modyfikacjom) &#8211; z wynikami, jakie zbierane by\u0142y przez OBOP regularnie od roku 1974 (w przypadku ocen) i 1979 (w przypadku prognoz) oraz z pierwszymi po\u015bwi\u0119conymi tej problematyce badaniami z roku 1963 i 1964. Postanowili\u015bmy te\u017c, po zaprezentowaniu informacji o wydarzeniach zdaniem Polak\u00f3w pomy\u015blnych i niepomy\u015blnych dla naszego kraju w minionym ju\u017c 2001 r., przypomnie\u0107 najwa\u017cniejsze wydarzenia minionych ju\u017c lat &#8211; ale inaczej ni\u017c czyni si\u0119 to dotychczas &#8211; nie z punktu widzenia oceniaj\u0105cych z perspektywy czasu niezale\u017cnych historyk\u00f3w &#8211; ale z punktu widzenia przeci\u0119tnego Polaka, odczu\u0107, jakie towarzyszy\u0142y mu pi\u0119\u0107, dziesi\u0119\u0107, pi\u0119tna\u015bcie, dwadzie\u015bcia, trzydzie\u015bci, czy niemal czterdzie\u015bci lat temu.<\/p>\n<div class=\"infopay\">Raport udost\u0119pniany jest bezp\u0142atnie, w us\u0142udze &#8222;udost\u0119pnij aby pobra\u0107&#8221;.<br \/>\n          <b>Na czym to polega?<\/b> Raport b\u0119dzie dost\u0119pny do pobrania w pdf po udost\u0119pnieniu wpisu z linkiem do Archiwum Raport\u00f3w TNS Polska na wybranym serwisie spo\u0142eczno\u015bciowym: Facebooku lub Twitterze.\n          <\/div>\n","protected":false},"excerpt":{"rendered":"<p>Pod koniec grudnia tradycyjnie ju\u017c zapytali\u015bmy Polak\u00f3w o to, jak oceniaj\u0105 mijaj\u0105cy w\u00f3wczas 2001 rok (pod wzgl\u0119dem sytuacji osobistej, sytuacji kraju oraz sytuacji mi\u0119dzynarodowej i pokoju na \u015bwiecie)<\/p>\n","protected":false},"author":1,"featured_media":0,"comment_status":"closed","ping_status":"closed","sticky":false,"template":"","format":"standard","meta":{"ngg_post_thumbnail":0},"categories":[1],"tags":[],"_links":{"self":[{"href":"https:\/\/public.kantarpolska.com\/archiwumraportow\/wp-json\/wp\/v2\/posts\/1074"}],"collection":[{"href":"https:\/\/public.kantarpolska.com\/archiwumraportow\/wp-json\/wp\/v2\/posts"}],"about":[{"href":"https:\/\/public.kantarpolska.com\/archiwumraportow\/wp-json\/wp\/v2\/types\/post"}],"author":[{"embeddable":true,"href":"https:\/\/public.kantarpolska.com\/archiwumraportow\/wp-json\/wp\/v2\/users\/1"}],"replies":[{"embeddable":true,"href":"https:\/\/public.kantarpolska.com\/archiwumraportow\/wp-json\/wp\/v2\/comments?post=1074"}],"version-history":[{"count":0,"href":"https:\/\/public.kantarpolska.com\/archiwumraportow\/wp-json\/wp\/v2\/posts\/1074\/revisions"}],"wp:attachment":[{"href":"https:\/\/public.kantarpolska.com\/archiwumraportow\/wp-json\/wp\/v2\/media?parent=1074"}],"wp:term":[{"taxonomy":"category","embeddable":true,"href":"https:\/\/public.kantarpolska.com\/archiwumraportow\/wp-json\/wp\/v2\/categories?post=1074"},{"taxonomy":"post_tag","embeddable":true,"href":"https:\/\/public.kantarpolska.com\/archiwumraportow\/wp-json\/wp\/v2\/tags?post=1074"}],"curies":[{"name":"wp","href":"https:\/\/api.w.org\/{rel}","templated":true}]}}