
{"id":1071,"date":"2001-12-17T00:00:00","date_gmt":"2001-12-17T00:00:00","guid":{"rendered":"https:\/\/www.tnsglobal.pl\/archiwumraportow\/2001\/12\/17\/preferencje-partyjne-polakow-na-koniec-2001-r\/"},"modified":"2001-12-17T00:00:00","modified_gmt":"2001-12-17T00:00:00","slug":"preferencje-partyjne-polakow-na-koniec-2001-r","status":"publish","type":"post","link":"https:\/\/public.kantarpolska.com\/archiwumraportow\/2001\/12\/17\/preferencje-partyjne-polakow-na-koniec-2001-r\/","title":{"rendered":"Preferencje partyjne Polak\u00f3w na koniec 2001 r."},"content":{"rendered":"<p>Rok dla 2001 by\u0142 w polityce rokiem rewolucyjnym. Gdy w grudniu 2000 r. pytali\u015bmy Polak\u00f3w, na jakie ugrupowania zamierzaj\u0105 g\u0142osowa\u0107, co prawda ju\u017c w\u00f3wczas 41% wskazywa\u0142o na Sojusz<!--more--> Lewicy Demokratycznej &#8211; jeszcze bez koalicji z UP &#8211; ta zawi\u0105zana zosta\u0142a nieco p\u00f3\u017aniej (koalicja ta, cho\u0107 23 wrze\u015bnia wygra\u0142a wybory, ale uzyska\u0142a mniej g\u0142os\u00f3w ni\u017c mog\u0142a si\u0119 spodziewa\u0107 s\u0142uchaj\u0105c deklaracji wyborc\u00f3w przed g\u0142osowaniem), jednak drug\u0105 za SLD pozycj\u0119 ex aequo zajmowa\u0142y &#8211; nie istniej\u0105ca ju\u017c dzi\u015b &#8211; Akcja Wyborcza Solidarno\u015b\u0107 i Polskie Stronnictwo Ludowe (uzyskiwa\u0142y po 15% wskaza\u0144). Tu\u017c za nimi z ca\u0142kowicie pewnymi jeszcze szansami na wej\u015bcie do Sejmu (10%) znajdowa\u0142a si\u0119 Unia Wolno\u015bci, kt\u00f3rej notowania &#8211; po powstaniu Platformy Obywatelskiej &#8211; stopnia\u0142y, jak si\u0119 niedawno okaza\u0142o, do poziomu nie gwarantuj\u0105cego reprezentacji parlamentarnej. Nie istniej\u0105ca jeszcze rok wcze\u015bniej Platforma Obywatelska dzi\u015b jest drug\u0105 si\u0142\u0105 w Sejmie. Gdyby w\u00f3wczas te\u017c &#8211; w grudniu 2000 r. &#8211; prognozowa\u0107, \u017ce trzeci\u0105 si\u0142\u0105 b\u0119dzie Samoobrona, nikt zapewne (mo\u017ce tylko poza zwolennikami Samoobrony) by w\u00f3wczas nie uwierzy\u0142 &#8211; wynik 3% poparcia dla formacji Andrzeja Leppera w tamtym okresie nie by\u0142 niczym niezwyk\u0142ym w\u015br\u00f3d \u00f3wczesnych notowa\u0144 tej partii. Nikt te\u017c wtedy nie s\u0142ysza\u0142 jeszcze o Prawie i Sprawiedliwo\u015bci czy Lidze Polskich Rodzin &#8211; Lech Kaczy\u0144ski by\u0142 w\u00f3wczas najlepiej postrzeganym cz\u0142onkiem AWS i najlepiej postrzeganym ministrem tworzonego przez t\u0119 formacj\u0119 rz\u0105du, a ugrupowaniom, kt\u00f3re do wybor\u00f3w posz\u0142y pod sztandarami LPR daleko by\u0142o do wsp\u00f3lnego porozumienia.rnW dwana\u015bcie miesi\u0119cy od tamtych &#8211; jak\u017ce ju\u017c odleg\u0142ych chwil &#8211; za pomoc\u0105 standardowego pytania o preferencje w hipotetycznych wyborach, przeprowadzili\u015bmy kolejny pomiar popularno\u015bci partii politycznych.<\/p>\n<div class=\"infopay\">Raport udost\u0119pniany jest bezp\u0142atnie, w us\u0142udze &#8222;udost\u0119pnij aby pobra\u0107&#8221;.<br \/>\n          <b>Na czym to polega?<\/b> Raport b\u0119dzie dost\u0119pny do pobrania w pdf po udost\u0119pnieniu wpisu z linkiem do Archiwum Raport\u00f3w TNS Polska na wybranym serwisie spo\u0142eczno\u015bciowym: Facebooku lub Twitterze.\n          <\/div>\n","protected":false},"excerpt":{"rendered":"<p>Rok dla 2001 by\u0142 w polityce rokiem rewolucyjnym. Gdy w grudniu 2000 r. pytali\u015bmy Polak\u00f3w, na jakie ugrupowania zamierzaj\u0105 g\u0142osowa\u0107, co prawda ju\u017c w\u00f3wczas 41% wskazywa\u0142o na Sojusz<\/p>\n","protected":false},"author":1,"featured_media":0,"comment_status":"closed","ping_status":"closed","sticky":false,"template":"","format":"standard","meta":{"ngg_post_thumbnail":0},"categories":[1],"tags":[],"_links":{"self":[{"href":"https:\/\/public.kantarpolska.com\/archiwumraportow\/wp-json\/wp\/v2\/posts\/1071"}],"collection":[{"href":"https:\/\/public.kantarpolska.com\/archiwumraportow\/wp-json\/wp\/v2\/posts"}],"about":[{"href":"https:\/\/public.kantarpolska.com\/archiwumraportow\/wp-json\/wp\/v2\/types\/post"}],"author":[{"embeddable":true,"href":"https:\/\/public.kantarpolska.com\/archiwumraportow\/wp-json\/wp\/v2\/users\/1"}],"replies":[{"embeddable":true,"href":"https:\/\/public.kantarpolska.com\/archiwumraportow\/wp-json\/wp\/v2\/comments?post=1071"}],"version-history":[{"count":0,"href":"https:\/\/public.kantarpolska.com\/archiwumraportow\/wp-json\/wp\/v2\/posts\/1071\/revisions"}],"wp:attachment":[{"href":"https:\/\/public.kantarpolska.com\/archiwumraportow\/wp-json\/wp\/v2\/media?parent=1071"}],"wp:term":[{"taxonomy":"category","embeddable":true,"href":"https:\/\/public.kantarpolska.com\/archiwumraportow\/wp-json\/wp\/v2\/categories?post=1071"},{"taxonomy":"post_tag","embeddable":true,"href":"https:\/\/public.kantarpolska.com\/archiwumraportow\/wp-json\/wp\/v2\/tags?post=1071"}],"curies":[{"name":"wp","href":"https:\/\/api.w.org\/{rel}","templated":true}]}}