
{"id":1069,"date":"2001-12-17T00:00:00","date_gmt":"2001-12-17T00:00:00","guid":{"rendered":"https:\/\/www.tnsglobal.pl\/archiwumraportow\/2001\/12\/17\/koniec-roku-andrzeja-leppera\/"},"modified":"2001-12-17T00:00:00","modified_gmt":"2001-12-17T00:00:00","slug":"koniec-roku-andrzeja-leppera","status":"publish","type":"post","link":"https:\/\/public.kantarpolska.com\/archiwumraportow\/2001\/12\/17\/koniec-roku-andrzeja-leppera\/","title":{"rendered":"Koniec roku Andrzeja Leppera."},"content":{"rendered":"<p>W dniach 15-17 grudnia 2001 roku &#8211; a wi\u0119c w dwa tygodnie po odwo\u0142aniu Andrzeja Leppera z funkcji wicemarsza\u0142ka Sejmu i po serii wypowiedzi prokurator\u00f3w i dziennikarzy, wskazuj\u0105cych<!--more--> na brak podstaw, a nawet powagi w jego zarzutach stawianych czo\u0142owym politykom, oraz po zmianie og\u00f3lnego tonu medi\u00f3w na bardziej pow\u015bci\u0105gliwy i mniej przychylny dla szefa Samoobrony &#8211; zosta\u0142 przeprowadzony sonda\u017c, w kt\u00f3rym ponownie zapytali\u015bmy Polak\u00f3w o to, czy lider Samoobrony i jego ugrupowanie dobrze s\u0142u\u017c\u0105 sprawom wsi oraz czy dzia\u0142alno\u015b\u0107 Leppera jest szkodliwa, czy te\u017c nie dla demokracji. Ponadto badani wypowiedzieli si\u0119 na temat tego czy i jak d\u0142ugo Przewodnicz\u0105cy Samoobrony b\u0119dzie liczy\u0142 si\u0119 w polityce.<\/p>\n<div class=\"infopay\">Raport udost\u0119pniany jest bezp\u0142atnie, w us\u0142udze &#8222;udost\u0119pnij aby pobra\u0107&#8221;.<br \/>\n          <b>Na czym to polega?<\/b> Raport b\u0119dzie dost\u0119pny do pobrania w pdf po udost\u0119pnieniu wpisu z linkiem do Archiwum Raport\u00f3w TNS Polska na wybranym serwisie spo\u0142eczno\u015bciowym: Facebooku lub Twitterze.\n          <\/div>\n","protected":false},"excerpt":{"rendered":"<p>W dniach 15-17 grudnia 2001 roku &#8211; a wi\u0119c w dwa tygodnie po odwo\u0142aniu Andrzeja Leppera z funkcji wicemarsza\u0142ka Sejmu i po serii wypowiedzi prokurator\u00f3w i dziennikarzy, wskazuj\u0105cych<\/p>\n","protected":false},"author":1,"featured_media":0,"comment_status":"closed","ping_status":"closed","sticky":false,"template":"","format":"standard","meta":{"ngg_post_thumbnail":0},"categories":[1],"tags":[],"_links":{"self":[{"href":"https:\/\/public.kantarpolska.com\/archiwumraportow\/wp-json\/wp\/v2\/posts\/1069"}],"collection":[{"href":"https:\/\/public.kantarpolska.com\/archiwumraportow\/wp-json\/wp\/v2\/posts"}],"about":[{"href":"https:\/\/public.kantarpolska.com\/archiwumraportow\/wp-json\/wp\/v2\/types\/post"}],"author":[{"embeddable":true,"href":"https:\/\/public.kantarpolska.com\/archiwumraportow\/wp-json\/wp\/v2\/users\/1"}],"replies":[{"embeddable":true,"href":"https:\/\/public.kantarpolska.com\/archiwumraportow\/wp-json\/wp\/v2\/comments?post=1069"}],"version-history":[{"count":0,"href":"https:\/\/public.kantarpolska.com\/archiwumraportow\/wp-json\/wp\/v2\/posts\/1069\/revisions"}],"wp:attachment":[{"href":"https:\/\/public.kantarpolska.com\/archiwumraportow\/wp-json\/wp\/v2\/media?parent=1069"}],"wp:term":[{"taxonomy":"category","embeddable":true,"href":"https:\/\/public.kantarpolska.com\/archiwumraportow\/wp-json\/wp\/v2\/categories?post=1069"},{"taxonomy":"post_tag","embeddable":true,"href":"https:\/\/public.kantarpolska.com\/archiwumraportow\/wp-json\/wp\/v2\/tags?post=1069"}],"curies":[{"name":"wp","href":"https:\/\/api.w.org\/{rel}","templated":true}]}}