
{"id":1066,"date":"2001-12-10T00:00:00","date_gmt":"2001-12-10T00:00:00","guid":{"rendered":"https:\/\/www.tnsglobal.pl\/archiwumraportow\/2001\/12\/10\/ocena-rzadu-premiera-i-prezydenta-drugie-notowania-po-powolaniu-nowej-rady-ministrow\/"},"modified":"2001-12-10T00:00:00","modified_gmt":"2001-12-10T00:00:00","slug":"ocena-rzadu-premiera-i-prezydenta-drugie-notowania-po-powolaniu-nowej-rady-ministrow","status":"publish","type":"post","link":"https:\/\/public.kantarpolska.com\/archiwumraportow\/2001\/12\/10\/ocena-rzadu-premiera-i-prezydenta-drugie-notowania-po-powolaniu-nowej-rady-ministrow\/","title":{"rendered":"Ocena rz\u0105du, premiera i prezydenta &#8211; drugie notowania po powo\u0142aniu nowej Rady Ministr\u00f3w"},"content":{"rendered":"<p>Ocena trzech instytucji w\u0142adzy: prezydenta, premiera i rz\u0105du jest cyklicznym badaniem, prowadzonym przynajmniej raz w miesi\u0105cu przez OBOP. Nasz poprzedni pomiar zosta\u0142 zrealizowany w dniach 10-12<!--more--> listopada 2001 roku &#8211; by\u0142 to pierwszy pomiar po powo\u0142aniu nowego rz\u0105du (19 pa\u017adziernika) i po trzech tygodniach jego pracy. Obecny pomiar przeprowadzony zosta\u0142 w dniach 8-10 grudnia 2001 roku, po prawie dw\u00f3ch miesi\u0105cach dzia\u0142alno\u015bci rz\u0105du Leszka Millera. Mi\u0119dzy pierwszym a drugim badaniem wielu badanych zdo\u0142a\u0142o sobie wyrobi\u0107 zdanie na temat nowego rz\u0105du.<\/p>\n<div class=\"infopay\">Raport udost\u0119pniany jest bezp\u0142atnie, w us\u0142udze &#8222;udost\u0119pnij aby pobra\u0107&#8221;.<br \/>\n          <b>Na czym to polega?<\/b> Raport b\u0119dzie dost\u0119pny do pobrania w pdf po udost\u0119pnieniu wpisu z linkiem do Archiwum Raport\u00f3w TNS Polska na wybranym serwisie spo\u0142eczno\u015bciowym: Facebooku lub Twitterze.\n          <\/div>\n","protected":false},"excerpt":{"rendered":"<p>Ocena trzech instytucji w\u0142adzy: prezydenta, premiera i rz\u0105du jest cyklicznym badaniem, prowadzonym przynajmniej raz w miesi\u0105cu przez OBOP. Nasz poprzedni pomiar zosta\u0142 zrealizowany w dniach 10-12<\/p>\n","protected":false},"author":1,"featured_media":0,"comment_status":"closed","ping_status":"closed","sticky":false,"template":"","format":"standard","meta":{"ngg_post_thumbnail":0},"categories":[1],"tags":[],"_links":{"self":[{"href":"https:\/\/public.kantarpolska.com\/archiwumraportow\/wp-json\/wp\/v2\/posts\/1066"}],"collection":[{"href":"https:\/\/public.kantarpolska.com\/archiwumraportow\/wp-json\/wp\/v2\/posts"}],"about":[{"href":"https:\/\/public.kantarpolska.com\/archiwumraportow\/wp-json\/wp\/v2\/types\/post"}],"author":[{"embeddable":true,"href":"https:\/\/public.kantarpolska.com\/archiwumraportow\/wp-json\/wp\/v2\/users\/1"}],"replies":[{"embeddable":true,"href":"https:\/\/public.kantarpolska.com\/archiwumraportow\/wp-json\/wp\/v2\/comments?post=1066"}],"version-history":[{"count":0,"href":"https:\/\/public.kantarpolska.com\/archiwumraportow\/wp-json\/wp\/v2\/posts\/1066\/revisions"}],"wp:attachment":[{"href":"https:\/\/public.kantarpolska.com\/archiwumraportow\/wp-json\/wp\/v2\/media?parent=1066"}],"wp:term":[{"taxonomy":"category","embeddable":true,"href":"https:\/\/public.kantarpolska.com\/archiwumraportow\/wp-json\/wp\/v2\/categories?post=1066"},{"taxonomy":"post_tag","embeddable":true,"href":"https:\/\/public.kantarpolska.com\/archiwumraportow\/wp-json\/wp\/v2\/tags?post=1066"}],"curies":[{"name":"wp","href":"https:\/\/api.w.org\/{rel}","templated":true}]}}