
{"id":1065,"date":"2001-11-26T00:00:00","date_gmt":"2001-11-26T00:00:00","guid":{"rendered":"https:\/\/www.tnsglobal.pl\/archiwumraportow\/2001\/11\/26\/pamiec-o-stanie-wojennym\/"},"modified":"2001-11-26T00:00:00","modified_gmt":"2001-11-26T00:00:00","slug":"pamiec-o-stanie-wojennym","status":"publish","type":"post","link":"https:\/\/public.kantarpolska.com\/archiwumraportow\/2001\/11\/26\/pamiec-o-stanie-wojennym\/","title":{"rendered":"Pami\u0119\u0107 o stanie wojennym"},"content":{"rendered":"<p>Mija dwadzie\u015bcia lat od wprowadzenia stanu wojennego. W zwi\u0105zku z t\u0105 rocznic\u0105 postanowili\u015bmy zapyta\u0107, z czym dzi\u015b kojarzy si\u0119 on Polakom, czy 13 grudnia 1981<!--more--> to dla nas jedna z bardziej pami\u0119tnych dat historii kraju, czy jedna z wielu zapominanych, dawno po\u017c\u00f3\u0142k\u0142ych kart ze starego kalendarza. Czy opr\u00f3cz &#8222;pami\u0119ci historycznej&#8221; &#8211; udowadnianej znajomo\u015bci\u0105 dat, trwa pami\u0119\u0107 innego rodzaju &#8211; bardziej osobista &#8211; czy pami\u0119tamy tamt\u0105 chwil\u0119 i tamten dzie\u0144. Jakie skojarzenia ze stanem wojennym mamy i kt\u00f3re z licznych zakaz\u00f3w i ogranicze\u0144 w\u00f3wczas wprowadzonych przypominaj\u0105 si\u0119 po latach. Poza tym postanowili\u015bmy zapyta\u0107 te\u017c Polak\u00f3w czy nale\u017cy, czy ju\u017c nie, przypomina\u0107 ka\u017cdego grudnia o rocznicy stanu wojennego. rnOpinie na temat s\u0142uszno\u015bci wprowadzenia stanu wojennego i oceny tamtych wydarze\u0144 zaprezentowane zosta\u0142y i zestawione z wynikami poprzednimi w komunikacie pt. &#8222;Niezmienne oceny stanu wojennego 1991-2001&#8221;.<\/p>\n<div class=\"infopay\">Raport udost\u0119pniany jest bezp\u0142atnie, w us\u0142udze &#8222;udost\u0119pnij aby pobra\u0107&#8221;.<br \/>\n          <b>Na czym to polega?<\/b> Raport b\u0119dzie dost\u0119pny do pobrania w pdf po udost\u0119pnieniu wpisu z linkiem do Archiwum Raport\u00f3w TNS Polska na wybranym serwisie spo\u0142eczno\u015bciowym: Facebooku lub Twitterze.\n          <\/div>\n","protected":false},"excerpt":{"rendered":"<p>Mija dwadzie\u015bcia lat od wprowadzenia stanu wojennego. W zwi\u0105zku z t\u0105 rocznic\u0105 postanowili\u015bmy zapyta\u0107, z czym dzi\u015b kojarzy si\u0119 on Polakom, czy 13 grudnia 1981<\/p>\n","protected":false},"author":1,"featured_media":0,"comment_status":"closed","ping_status":"closed","sticky":false,"template":"","format":"standard","meta":{"ngg_post_thumbnail":0},"categories":[1],"tags":[],"_links":{"self":[{"href":"https:\/\/public.kantarpolska.com\/archiwumraportow\/wp-json\/wp\/v2\/posts\/1065"}],"collection":[{"href":"https:\/\/public.kantarpolska.com\/archiwumraportow\/wp-json\/wp\/v2\/posts"}],"about":[{"href":"https:\/\/public.kantarpolska.com\/archiwumraportow\/wp-json\/wp\/v2\/types\/post"}],"author":[{"embeddable":true,"href":"https:\/\/public.kantarpolska.com\/archiwumraportow\/wp-json\/wp\/v2\/users\/1"}],"replies":[{"embeddable":true,"href":"https:\/\/public.kantarpolska.com\/archiwumraportow\/wp-json\/wp\/v2\/comments?post=1065"}],"version-history":[{"count":0,"href":"https:\/\/public.kantarpolska.com\/archiwumraportow\/wp-json\/wp\/v2\/posts\/1065\/revisions"}],"wp:attachment":[{"href":"https:\/\/public.kantarpolska.com\/archiwumraportow\/wp-json\/wp\/v2\/media?parent=1065"}],"wp:term":[{"taxonomy":"category","embeddable":true,"href":"https:\/\/public.kantarpolska.com\/archiwumraportow\/wp-json\/wp\/v2\/categories?post=1065"},{"taxonomy":"post_tag","embeddable":true,"href":"https:\/\/public.kantarpolska.com\/archiwumraportow\/wp-json\/wp\/v2\/tags?post=1065"}],"curies":[{"name":"wp","href":"https:\/\/api.w.org\/{rel}","templated":true}]}}