
{"id":1064,"date":"2001-11-26T00:00:00","date_gmt":"2001-11-26T00:00:00","guid":{"rendered":"https:\/\/www.tnsglobal.pl\/archiwumraportow\/2001\/11\/26\/niezmienne-oceny-stanu-wojennego-1999-2001\/"},"modified":"2001-11-26T00:00:00","modified_gmt":"2001-11-26T00:00:00","slug":"niezmienne-oceny-stanu-wojennego-1999-2001","status":"publish","type":"post","link":"https:\/\/public.kantarpolska.com\/archiwumraportow\/2001\/11\/26\/niezmienne-oceny-stanu-wojennego-1999-2001\/","title":{"rendered":"Niezmienne oceny stanu wojennego: 1999 &#8211; 2001"},"content":{"rendered":"<p>13 grudnia 2001 roku min\u0119\u0142o 20 lat od wprowadzenia stanu wojennego, jednego z najwa\u017cniejszych i najbardziej dramatycznych wydarze\u0144 w najnowszej historii Polski. Decyzja genera\u0142a Jaruzelskiego i jego ekipy<!--more--> jest wci\u0105\u017c przedmiotem rozbie\u017cnych ocen polityk\u00f3w, naukowc\u00f3w i publicyst\u00f3w, i to zar\u00f3wno je\u015bli chodzi o jej konsekwencje, jak i o wymiar moralny. Tzw. stosunek do stanu wojennego jest probierzem wielu lojalno\u015bci, politycznych, moralnych i spo\u0142ecznych. Przeprowadzony w ko\u0144cu listopada reprezentatywny sonda\u017c TNS OBOP pokazuje, jak po dwudziestu latach patrzy na stan wojenny masowa opinia publiczna rnSonda\u017c ten nie jest pierwszym badaniem TNS OBOP na temat stanu wojennego. Pierwsze takie badanie OBOP przeprowadzi\u0142 ju\u017c w lutym 1982 roku. Badania retrospektywne przeprowadzi\u0142 OBOP, wedle tego samego kwestionariusza OBOP, w 1991 i 1996 roku, w przeddzie\u0144 dziesi\u0105tej i pi\u0119tnastej rocznicy wprowadzenia stanu wojennego. Niniejszy raport zdaje spraw\u0119 z wynik\u00f3w badania w 2001 roku. Odnosi je on tak\u017ce do badania z 1991 roku, co pozwala ustali\u0107 zmiany, kt\u00f3re dokona\u0142y si\u0119 w spo\u0142ecznych ocenach stanu wojennego na przestrzeni dziesi\u0119ciu lat, w ci\u0105gu prawie ca\u0142ej historii III Rzeczypospolitej.<\/p>\n<div class=\"infopay\">Raport udost\u0119pniany jest bezp\u0142atnie, w us\u0142udze &#8222;udost\u0119pnij aby pobra\u0107&#8221;.<br \/>\n          <b>Na czym to polega?<\/b> Raport b\u0119dzie dost\u0119pny do pobrania w pdf po udost\u0119pnieniu wpisu z linkiem do Archiwum Raport\u00f3w TNS Polska na wybranym serwisie spo\u0142eczno\u015bciowym: Facebooku lub Twitterze.\n          <\/div>\n","protected":false},"excerpt":{"rendered":"<p>13 grudnia 2001 roku min\u0119\u0142o 20 lat od wprowadzenia stanu wojennego, jednego z najwa\u017cniejszych i najbardziej dramatycznych wydarze\u0144 w najnowszej historii Polski. Decyzja genera\u0142a Jaruzelskiego i jego ekipy<\/p>\n","protected":false},"author":1,"featured_media":0,"comment_status":"closed","ping_status":"closed","sticky":false,"template":"","format":"standard","meta":{"ngg_post_thumbnail":0},"categories":[1],"tags":[],"_links":{"self":[{"href":"https:\/\/public.kantarpolska.com\/archiwumraportow\/wp-json\/wp\/v2\/posts\/1064"}],"collection":[{"href":"https:\/\/public.kantarpolska.com\/archiwumraportow\/wp-json\/wp\/v2\/posts"}],"about":[{"href":"https:\/\/public.kantarpolska.com\/archiwumraportow\/wp-json\/wp\/v2\/types\/post"}],"author":[{"embeddable":true,"href":"https:\/\/public.kantarpolska.com\/archiwumraportow\/wp-json\/wp\/v2\/users\/1"}],"replies":[{"embeddable":true,"href":"https:\/\/public.kantarpolska.com\/archiwumraportow\/wp-json\/wp\/v2\/comments?post=1064"}],"version-history":[{"count":0,"href":"https:\/\/public.kantarpolska.com\/archiwumraportow\/wp-json\/wp\/v2\/posts\/1064\/revisions"}],"wp:attachment":[{"href":"https:\/\/public.kantarpolska.com\/archiwumraportow\/wp-json\/wp\/v2\/media?parent=1064"}],"wp:term":[{"taxonomy":"category","embeddable":true,"href":"https:\/\/public.kantarpolska.com\/archiwumraportow\/wp-json\/wp\/v2\/categories?post=1064"},{"taxonomy":"post_tag","embeddable":true,"href":"https:\/\/public.kantarpolska.com\/archiwumraportow\/wp-json\/wp\/v2\/tags?post=1064"}],"curies":[{"name":"wp","href":"https:\/\/api.w.org\/{rel}","templated":true}]}}