
{"id":1061,"date":"2001-11-12T00:00:00","date_gmt":"2001-11-12T00:00:00","guid":{"rendered":"https:\/\/www.tnsglobal.pl\/archiwumraportow\/2001\/11\/12\/preferencje-partyjne-polakow-w-pierwszej-polowie-listopada-2001-r\/"},"modified":"2001-11-12T00:00:00","modified_gmt":"2001-11-12T00:00:00","slug":"preferencje-partyjne-polakow-w-pierwszej-polowie-listopada-2001-r","status":"publish","type":"post","link":"https:\/\/public.kantarpolska.com\/archiwumraportow\/2001\/11\/12\/preferencje-partyjne-polakow-w-pierwszej-polowie-listopada-2001-r\/","title":{"rendered":"Preferencje partyjne Polak\u00f3w w pierwszej po\u0142owie listopada 2001 r."},"content":{"rendered":"<p>Sonda\u017ce popularno\u015bci partii politycznych realizowane za pomoc\u0105 pyta\u0144 o spos\u00f3b g\u0142osowania w hipotetycznych wyborach, szczeg\u00f3lnym zainteresowaniem ciesz\u0105 si\u0119 w okresie przedwyborczym. Jednak nawet ju\u017c po wyborach informacja dotycz\u0105ca spo\u0142ecznego<!--more--> zaplecza g\u0142\u00f3wnych aktor\u00f3w sceny politycznej powinna by\u0107 interesuj\u0105ca zar\u00f3wno dla uczestnik\u00f3w jak i obserwator\u00f3w rozgrywaj\u0105cych si\u0119 wydarze\u0144. Sympatie polityczne &#8211; przede wszystkim preferencje partyjne &#8211; cechuj\u0105 si\u0119 w naszym kraju du\u017c\u0105 zmienno\u015bci\u0105, zw\u0142aszcza w okresach wyborczych i obfituj\u0105cych w wielo\u015b\u0107 oraz intensywno\u015b\u0107 zdarze\u0144 z \u017cycia publicznego.rnWkr\u00f3tce po wyborach OBOP przeprowadzi\u0142 kolejne badania dotycz\u0105ce popularno\u015bci partii politycznych. Za ka\u017cdym razem przedstawiali\u015bmy badanym dwa warianty kart. Najpierw jednak pytali\u015bmy wybranych losowo pe\u0142noletnich Polak\u00f3w, czy wzi\u0119liby udzia\u0142 w wyborach do Sejmu, gdyby takie mia\u0142y odbywa\u0107 si\u0119 w najbli\u017csz\u0105 niedziel\u0119. Wszystkie osoby, kt\u00f3re odpowiedzia\u0142y twierdz\u0105co na pytanie o uczestnictwo w wyborach, pytali\u015bmy nast\u0119pnie, jakie ugrupowanie by poparli i wr\u0119czali\u015bmy list\u0119 partii oraz koalicji. Po tym, zadawali\u015bmy jeszcze jedno pytanie o spos\u00f3b g\u0142osowania, przy czym pos\u0142ugiwali\u015bmy si\u0119 list\u0105, r\u00f3\u017cni\u0105c\u0105 si\u0119 od poprzedniej liczb\u0105 uwzgl\u0119dnionych na niej podmiot\u00f3w oraz sposobem ich przedstawienia. Niezale\u017cnie od rodzaju listy, badani mogli zg\u0142osi\u0107 poparcie dla formacji innej ni\u017c wymienione. rnWyniki uzyskane po wyborach zestawione zosta\u0142y z wynikami bada\u0144 prowadzonych na zlecenie Telewizji Polskiej S.A. &#8211; bada\u0144 przedwyborczych oraz realizowanych w dniu wybor\u00f3w. Dodatkowo przypomnieli\u015bmy r\u00f3wnie\u017c oficjalne wyniki wybor\u00f3w. Zaprezentowane w niniejszym opracowaniu wyniki standardowych sonda\u017cowych bada\u0144 poparcia dla partii dotycz\u0105 os\u00f3b, deklaruj\u0105cych gotowo\u015b\u0107 g\u0142osowania i maj\u0105cych sprecyzowane preferencje.<\/p>\n<div class=\"infopay\">Raport udost\u0119pniany jest bezp\u0142atnie, w us\u0142udze &#8222;udost\u0119pnij aby pobra\u0107&#8221;.<br \/>\n          <b>Na czym to polega?<\/b> Raport b\u0119dzie dost\u0119pny do pobrania w pdf po udost\u0119pnieniu wpisu z linkiem do Archiwum Raport\u00f3w TNS Polska na wybranym serwisie spo\u0142eczno\u015bciowym: Facebooku lub Twitterze.\n          <\/div>\n","protected":false},"excerpt":{"rendered":"<p>Sonda\u017ce popularno\u015bci partii politycznych realizowane za pomoc\u0105 pyta\u0144 o spos\u00f3b g\u0142osowania w hipotetycznych wyborach, szczeg\u00f3lnym zainteresowaniem ciesz\u0105 si\u0119 w okresie przedwyborczym. Jednak nawet ju\u017c po wyborach informacja dotycz\u0105ca spo\u0142ecznego<\/p>\n","protected":false},"author":1,"featured_media":0,"comment_status":"closed","ping_status":"closed","sticky":false,"template":"","format":"standard","meta":{"ngg_post_thumbnail":0},"categories":[1],"tags":[],"_links":{"self":[{"href":"https:\/\/public.kantarpolska.com\/archiwumraportow\/wp-json\/wp\/v2\/posts\/1061"}],"collection":[{"href":"https:\/\/public.kantarpolska.com\/archiwumraportow\/wp-json\/wp\/v2\/posts"}],"about":[{"href":"https:\/\/public.kantarpolska.com\/archiwumraportow\/wp-json\/wp\/v2\/types\/post"}],"author":[{"embeddable":true,"href":"https:\/\/public.kantarpolska.com\/archiwumraportow\/wp-json\/wp\/v2\/users\/1"}],"replies":[{"embeddable":true,"href":"https:\/\/public.kantarpolska.com\/archiwumraportow\/wp-json\/wp\/v2\/comments?post=1061"}],"version-history":[{"count":0,"href":"https:\/\/public.kantarpolska.com\/archiwumraportow\/wp-json\/wp\/v2\/posts\/1061\/revisions"}],"wp:attachment":[{"href":"https:\/\/public.kantarpolska.com\/archiwumraportow\/wp-json\/wp\/v2\/media?parent=1061"}],"wp:term":[{"taxonomy":"category","embeddable":true,"href":"https:\/\/public.kantarpolska.com\/archiwumraportow\/wp-json\/wp\/v2\/categories?post=1061"},{"taxonomy":"post_tag","embeddable":true,"href":"https:\/\/public.kantarpolska.com\/archiwumraportow\/wp-json\/wp\/v2\/tags?post=1061"}],"curies":[{"name":"wp","href":"https:\/\/api.w.org\/{rel}","templated":true}]}}